{"id":20183,"date":"2012-08-06T13:04:08","date_gmt":"2012-08-06T16:04:08","guid":{"rendered":"http:\/\/www.locoxelrojo.com.ar\/independiente\/?p=20183"},"modified":"2012-08-06T15:30:58","modified_gmt":"2012-08-06T18:30:58","slug":"trabajos-regenerativos-2","status":"publish","type":"post","link":"https:\/\/www.locoxelrojo.com\/independiente\/2012\/08\/06\/trabajos-regenerativos-2\/","title":{"rendered":"Trabajos regenerativos"},"content":{"rendered":"<p><a href=\"http:\/\/www.locoxelrojo.com.ar\/independiente\/wp-content\/uploads\/2012\/08\/Entrenamiento-19.jpg\"><img loading=\"lazy\" class=\"alignnone size-full wp-image-20185\" title=\"Entrenamiento 19\" src=\"http:\/\/www.locoxelrojo.com.ar\/independiente\/wp-content\/uploads\/2012\/08\/Entrenamiento-19.jpg\" alt=\"\" width=\"590\" height=\"315\" srcset=\"https:\/\/locoxelrojo.com\/independiente\/wp-content\/uploads\/2012\/08\/Entrenamiento-19.jpg 590w, https:\/\/locoxelrojo.com\/independiente\/wp-content\/uploads\/2012\/08\/Entrenamiento-19-300x160.jpg 300w\" sizes=\"(max-width: 590px) 100vw, 590px\" \/><\/a><\/p>\n<p><strong>Independiente volvi\u00f3 esta ma\u00f1ana a entrenar en Villa Dom\u00ednico tras el domingo libre y realiz\u00f3 trabajos regenerativos. <\/strong>Ya empez\u00f3 la semana de cara al encuentro del pr\u00f3ximo s\u00e1bado ante V\u00e9lez.<\/p>\n<p>Est\u00e1 claro que hay muchas cosas por corregir. El empate ante Newell&#8217;s mostr\u00f3 a un equipo que no pate\u00f3 al arco. Por eso este lunes el plantel de Cristian D\u00edaz volvi\u00f3 a entrenarse de cara al choque del s\u00e1bado que viene ante el Fort\u00edn. <strong>Los jugadores hicieron trabajos regenerativos y todos trabajaron a la par.<\/strong><\/p>\n<p><strong>El \u00fanico ausente fue Ernesto Far\u00edas, quien viaj\u00f3 a Brasil por unos tr\u00e1mites personales, aunque el mi\u00e9rcoles estar\u00e1 de vuelta. Adem\u00e1s, Gabriel Milito se hizo presente en el predio Santo Domingo para saludar a sus compa\u00f1eros.<\/strong><\/p>\n","protected":false},"excerpt":{"rendered":"<p>Independiente volvi\u00f3 esta ma\u00f1ana a entrenar en Villa Dom\u00ednico tras el domingo libre y realiz\u00f3 trabajos regenerativos. Ya empez\u00f3 la semana de cara al encuentro del pr\u00f3ximo s\u00e1bado ante V\u00e9lez. Est\u00e1 claro que hay muchas cosas por corregir. El empate ante Newell&#8217;s mostr\u00f3 a un equipo que no pate\u00f3 al arco. Por eso este lunes [&hellip;]<\/p>\n","protected":false},"author":11,"featured_media":0,"comment_status":"open","ping_status":"open","sticky":false,"template":"","format":"standard","meta":{"_links_to":"","_links_to_target":""},"categories":[3,1],"tags":[153,188,946],"_links":{"self":[{"href":"https:\/\/www.locoxelrojo.com\/independiente\/wp-json\/wp\/v2\/posts\/20183"}],"collection":[{"href":"https:\/\/www.locoxelrojo.com\/independiente\/wp-json\/wp\/v2\/posts"}],"about":[{"href":"https:\/\/www.locoxelrojo.com\/independiente\/wp-json\/wp\/v2\/types\/post"}],"author":[{"embeddable":true,"href":"https:\/\/www.locoxelrojo.com\/independiente\/wp-json\/wp\/v2\/users\/11"}],"replies":[{"embeddable":true,"href":"https:\/\/www.locoxelrojo.com\/independiente\/wp-json\/wp\/v2\/comments?post=20183"}],"version-history":[{"count":0,"href":"https:\/\/www.locoxelrojo.com\/independiente\/wp-json\/wp\/v2\/posts\/20183\/revisions"}],"wp:attachment":[{"href":"https:\/\/www.locoxelrojo.com\/independiente\/wp-json\/wp\/v2\/media?parent=20183"}],"wp:term":[{"taxonomy":"category","embeddable":true,"href":"https:\/\/www.locoxelrojo.com\/independiente\/wp-json\/wp\/v2\/categories?post=20183"},{"taxonomy":"post_tag","embeddable":true,"href":"https:\/\/www.locoxelrojo.com\/independiente\/wp-json\/wp\/v2\/tags?post=20183"}],"curies":[{"name":"wp","href":"https:\/\/api.w.org\/{rel}","templated":true}]}}