{"id":20194,"date":"2012-08-06T19:26:18","date_gmt":"2012-08-06T22:26:18","guid":{"rendered":"http:\/\/www.locoxelrojo.com.ar\/independiente\/?p=20194"},"modified":"2015-09-25T19:39:30","modified_gmt":"2015-09-25T22:39:30","slug":"fabian-assmann-conto-como-va-su-recuperacion","status":"publish","type":"post","link":"https:\/\/www.locoxelrojo.com\/independiente\/2012\/08\/06\/fabian-assmann-conto-como-va-su-recuperacion\/","title":{"rendered":"Fabi\u00e1n Assmann cont\u00f3 c\u00f3mo va su recuperaci\u00f3n"},"content":{"rendered":"<p><a href=\"http:\/\/www.locoxelrojo.com.ar\/independiente\/wp-content\/uploads\/2012\/08\/assmann-recuperacion.jpg\"><img loading=\"lazy\" class=\"alignnone size-full wp-image-20195\" title=\"assmann-recuperacion\" src=\"http:\/\/www.locoxelrojo.com.ar\/independiente\/wp-content\/uploads\/2012\/08\/assmann-recuperacion.jpg\" alt=\"\" width=\"590\" height=\"315\" srcset=\"https:\/\/locoxelrojo.com\/independiente\/wp-content\/uploads\/2012\/08\/assmann-recuperacion.jpg 590w, https:\/\/locoxelrojo.com\/independiente\/wp-content\/uploads\/2012\/08\/assmann-recuperacion-300x160.jpg 300w\" sizes=\"(max-width: 590px) 100vw, 590px\" \/><\/a><\/p>\n<p><strong>&#8220;Llevo dos meses y medio desde la operaci\u00f3n. Esta lesi\u00f3n es extensa, pero ya pas\u00e9 el tramo m\u00e1s dif\u00edcil y arranqu\u00e9 con la rehabilitaci\u00f3n&#8221;<\/strong>, dijo Fabi\u00e1n Assmann en el programa partidario Monarqu\u00eda Roja. <strong>&#8220;Esta semana empec\u00e9 a trotar leve. Ahora en el tercer y cuarto mes voy a empezar a ganar masa muscular, para despu\u00e9s meterme a entrenar con el equipo&#8221;<\/strong>, cont\u00f3.<\/p>\n<p>Assmann viene de un 2012 complicado, donde Ram\u00f3n D\u00edaz le quit\u00f3 la titularidad. Una Apendicitis le trunc\u00f3 la posibilidad de pasar al Colo Colo de Chile y en su etapa de recuperaci\u00f3n, sufri\u00f3 esta rotura de ligamentos que lo tiene parado hace un tiempo. La misma suerte corri\u00f3 Adri\u00e1n Gabbarini, otro de los arqueros del Rojo que afronta su rehabilitaci\u00f3n.<\/p>\n<p><strong>&#8220;El tiempo de esta lesi\u00f3n es de cinco a seis meses para volver. Cada jugador evoluciona de distinta manera. Yo vengo bien, empec\u00e9 a entrenar un poco m\u00e1s fuerte y la rodilla responde&#8221;<\/strong>, manifest\u00f3. Tambi\u00e9n se tomo el trabajo de explicar porque no viaj\u00f3 a Tandil con el resto de sus compa\u00f1eros: <strong>&#8220;El tema de la Pretemporada lo habl\u00e9 con Cristian e ir all\u00e1 mucho no me sumaba en la recuperaci\u00f3n&#8221;<\/strong>.<\/p>\n<p>Por \u00faltimo se refiri\u00f3 a sus chances de volver a ocupar el arco del Rojo: <strong>&#8220;Va a ser dif\u00edcil que vuelva a ser titular. Son ocho o nueve meses que voy a estar fuera de ritmo. Adem\u00e1s, los arqueros en Independiente siempre rindieron&#8221;<\/strong>.<\/p>\n","protected":false},"excerpt":{"rendered":"<p>&#8220;Llevo dos meses y medio desde la operaci\u00f3n. Esta lesi\u00f3n es extensa, pero ya pas\u00e9 el tramo m\u00e1s dif\u00edcil y arranqu\u00e9 con la rehabilitaci\u00f3n&#8221;, dijo Fabi\u00e1n Assmann en el programa partidario Monarqu\u00eda Roja. &#8220;Esta semana empec\u00e9 a trotar leve. Ahora en el tercer y cuarto mes voy a empezar a ganar masa muscular, para despu\u00e9s [&hellip;]<\/p>\n","protected":false},"author":1,"featured_media":0,"comment_status":"open","ping_status":"open","sticky":false,"template":"","format":"standard","meta":{"_links_to":"","_links_to_target":""},"categories":[3,1],"tags":[153,188,78],"_links":{"self":[{"href":"https:\/\/www.locoxelrojo.com\/independiente\/wp-json\/wp\/v2\/posts\/20194"}],"collection":[{"href":"https:\/\/www.locoxelrojo.com\/independiente\/wp-json\/wp\/v2\/posts"}],"about":[{"href":"https:\/\/www.locoxelrojo.com\/independiente\/wp-json\/wp\/v2\/types\/post"}],"author":[{"embeddable":true,"href":"https:\/\/www.locoxelrojo.com\/independiente\/wp-json\/wp\/v2\/users\/1"}],"replies":[{"embeddable":true,"href":"https:\/\/www.locoxelrojo.com\/independiente\/wp-json\/wp\/v2\/comments?post=20194"}],"version-history":[{"count":0,"href":"https:\/\/www.locoxelrojo.com\/independiente\/wp-json\/wp\/v2\/posts\/20194\/revisions"}],"wp:attachment":[{"href":"https:\/\/www.locoxelrojo.com\/independiente\/wp-json\/wp\/v2\/media?parent=20194"}],"wp:term":[{"taxonomy":"category","embeddable":true,"href":"https:\/\/www.locoxelrojo.com\/independiente\/wp-json\/wp\/v2\/categories?post=20194"},{"taxonomy":"post_tag","embeddable":true,"href":"https:\/\/www.locoxelrojo.com\/independiente\/wp-json\/wp\/v2\/tags?post=20194"}],"curies":[{"name":"wp","href":"https:\/\/api.w.org\/{rel}","templated":true}]}}