{"id":20208,"date":"2012-08-07T15:12:57","date_gmt":"2012-08-07T18:12:57","guid":{"rendered":"http:\/\/www.locoxelrojo.com.ar\/independiente\/?p=20208"},"modified":"2012-08-07T15:52:08","modified_gmt":"2012-08-07T18:52:08","slug":"fredes-descartado-ante-velez","status":"publish","type":"post","link":"https:\/\/www.locoxelrojo.com\/independiente\/2012\/08\/07\/fredes-descartado-ante-velez\/","title":{"rendered":"Fredes descartado ante V\u00e9lez"},"content":{"rendered":"<p><a href=\"http:\/\/www.locoxelrojo.com.ar\/independiente\/wp-content\/uploads\/2012\/08\/Fredes-6.jpg\"><img loading=\"lazy\" class=\"alignnone size-full wp-image-20210\" title=\"Fredes 6\" src=\"http:\/\/www.locoxelrojo.com.ar\/independiente\/wp-content\/uploads\/2012\/08\/Fredes-6.jpg\" alt=\"\" width=\"590\" height=\"315\" srcset=\"https:\/\/locoxelrojo.com\/independiente\/wp-content\/uploads\/2012\/08\/Fredes-6.jpg 590w, https:\/\/locoxelrojo.com\/independiente\/wp-content\/uploads\/2012\/08\/Fredes-6-300x160.jpg 300w\" sizes=\"(max-width: 590px) 100vw, 590px\" \/><\/a><\/p>\n<p><strong>El plantel de Independiente volvi\u00f3 a entrenar esta ma\u00f1ana en Villa Dom\u00ednico, aunque Hern\u00e1n Fredes no pudo trabajar a la par de sus compa\u00f1eros por una distensi\u00f3n en el isquiotibial de su pierna izquierda. Descartado para el s\u00e1bado.<\/strong><\/p>\n<p>La mala noticia para Cristian D\u00edaz lleg\u00f3 r\u00e1pido. <strong>El plantel hizo f\u00fatbol reducido y trabajos de definici\u00f3n en el predio Santo Domingo con normalidad, pero Fredes no lo pudo hacer<\/strong>. El mediocampista sufri\u00f3 una distensi\u00f3n en el isquiotibial de su pierna izquierda y se perder\u00e1 el encuentro clave ante el Fort\u00edn. <strong>Tampoco se sabe con exactitud si podr\u00e1 ser parte del cl\u00e1sico ante Racing.<\/strong><\/p>\n<p><strong>En cuanto a Ernesto Far\u00edas, reci\u00e9n ma\u00f1ana volver\u00e1 al pa\u00eds tras su viaje a Brasil por tr\u00e1mites personales.<\/strong><\/p>\n","protected":false},"excerpt":{"rendered":"<p>El plantel de Independiente volvi\u00f3 a entrenar esta ma\u00f1ana en Villa Dom\u00ednico, aunque Hern\u00e1n Fredes no pudo trabajar a la par de sus compa\u00f1eros por una distensi\u00f3n en el isquiotibial de su pierna izquierda. Descartado para el s\u00e1bado. La mala noticia para Cristian D\u00edaz lleg\u00f3 r\u00e1pido. El plantel hizo f\u00fatbol reducido y trabajos de definici\u00f3n [&hellip;]<\/p>\n","protected":false},"author":11,"featured_media":0,"comment_status":"open","ping_status":"open","sticky":false,"template":"","format":"standard","meta":{"_links_to":"","_links_to_target":""},"categories":[3,1],"tags":[153,946,71],"_links":{"self":[{"href":"https:\/\/www.locoxelrojo.com\/independiente\/wp-json\/wp\/v2\/posts\/20208"}],"collection":[{"href":"https:\/\/www.locoxelrojo.com\/independiente\/wp-json\/wp\/v2\/posts"}],"about":[{"href":"https:\/\/www.locoxelrojo.com\/independiente\/wp-json\/wp\/v2\/types\/post"}],"author":[{"embeddable":true,"href":"https:\/\/www.locoxelrojo.com\/independiente\/wp-json\/wp\/v2\/users\/11"}],"replies":[{"embeddable":true,"href":"https:\/\/www.locoxelrojo.com\/independiente\/wp-json\/wp\/v2\/comments?post=20208"}],"version-history":[{"count":0,"href":"https:\/\/www.locoxelrojo.com\/independiente\/wp-json\/wp\/v2\/posts\/20208\/revisions"}],"wp:attachment":[{"href":"https:\/\/www.locoxelrojo.com\/independiente\/wp-json\/wp\/v2\/media?parent=20208"}],"wp:term":[{"taxonomy":"category","embeddable":true,"href":"https:\/\/www.locoxelrojo.com\/independiente\/wp-json\/wp\/v2\/categories?post=20208"},{"taxonomy":"post_tag","embeddable":true,"href":"https:\/\/www.locoxelrojo.com\/independiente\/wp-json\/wp\/v2\/tags?post=20208"}],"curies":[{"name":"wp","href":"https:\/\/api.w.org\/{rel}","templated":true}]}}