{"id":20212,"date":"2012-08-07T15:27:40","date_gmt":"2012-08-07T18:27:40","guid":{"rendered":"http:\/\/www.locoxelrojo.com.ar\/independiente\/?p=20212"},"modified":"2012-08-07T15:29:44","modified_gmt":"2012-08-07T18:29:44","slug":"santana-necesitamos-ser-amplios-para-pelear-cosas","status":"publish","type":"post","link":"https:\/\/www.locoxelrojo.com\/independiente\/2012\/08\/07\/santana-necesitamos-ser-amplios-para-pelear-cosas\/","title":{"rendered":"Santana: &#8220;Necesitamos ser amplios para pelear cosas&#8221;"},"content":{"rendered":"<p><a href=\"http:\/\/www.locoxelrojo.com.ar\/independiente\/wp-content\/uploads\/2012\/08\/Santana-3.jpg\"><img loading=\"lazy\" class=\"alignnone size-full wp-image-20214\" title=\"Santana 3\" src=\"http:\/\/www.locoxelrojo.com.ar\/independiente\/wp-content\/uploads\/2012\/08\/Santana-3.jpg\" alt=\"\" width=\"590\" height=\"315\" srcset=\"https:\/\/locoxelrojo.com\/independiente\/wp-content\/uploads\/2012\/08\/Santana-3.jpg 590w, https:\/\/locoxelrojo.com\/independiente\/wp-content\/uploads\/2012\/08\/Santana-3-300x160.jpg 300w\" sizes=\"(max-width: 590px) 100vw, 590px\" \/><\/a><\/p>\n<p>Jonathan Santana habl\u00f3 con la prensa tras el entrenamiento y manifest\u00f3 <strong>que el equipo necesita ser amplio para poder pelear cosas importantes.<\/strong> De todas formas, fue optimista: <strong>&#8220;Se arm\u00f3 un lindo plantel&#8221;.<\/strong><\/p>\n<p><strong>&#8220;Se arm\u00f3 un lindo grupo, un lindo plantel. Se necesita de un plantel amplio para pelear cosas. Los dirigentes hicieron lo imposible para que eso sucediera, para que Cristian tenga lo que \u00e9l quiere. Ahora est\u00e1 en nosotros trabajar&#8221;<\/strong>, expres\u00f3 el ex Libertad de Paraguay.<\/p>\n<p>Por otro lado, cont\u00f3 que ya no tiene problemas con la lesi\u00f3n que lo molestaba: <strong>&#8220;Me estoy sintiendo mejor. Estuve arrastrando la semana pasada un dolor en la rodilla, pero ahora estoy entrenando normal. Me estoy sintiendo cada vez mejor. Estar\u00eda para jugar 90 minutos. A medida que pasen los partidos uno se va a ir sintiendo mejor por el ritmo de juego&#8221;.<\/strong><\/p>\n<p>Respecto de la posici\u00f3n en la que se siente m\u00e1s c\u00f3modo en la cancha fue claro: <strong>&#8220;Con tres en el medio lo he hecho en las tres posiciones. Eso lo habl\u00e9 con Cristian. Ahora jugando con cuatro en el medio me siento m\u00e1s c\u00f3modo por el centro&#8221;.<\/strong><\/p>\n<p>Finalmente <strong>hizo referencia al duro partido que se viene contra V\u00e9lez y remarc\u00f3 que habr\u00e1 que evitar que tomen la pelota porque la manejan muy bien.<\/strong><\/p>\n","protected":false},"excerpt":{"rendered":"<p>Jonathan Santana habl\u00f3 con la prensa tras el entrenamiento y manifest\u00f3 que el equipo necesita ser amplio para poder pelear cosas importantes. De todas formas, fue optimista: &#8220;Se arm\u00f3 un lindo plantel&#8221;. &#8220;Se arm\u00f3 un lindo grupo, un lindo plantel. Se necesita de un plantel amplio para pelear cosas. Los dirigentes hicieron lo imposible para [&hellip;]<\/p>\n","protected":false},"author":11,"featured_media":0,"comment_status":"open","ping_status":"open","sticky":false,"template":"","format":"standard","meta":{"_links_to":"","_links_to_target":""},"categories":[3,1],"tags":[153,188,1568],"_links":{"self":[{"href":"https:\/\/www.locoxelrojo.com\/independiente\/wp-json\/wp\/v2\/posts\/20212"}],"collection":[{"href":"https:\/\/www.locoxelrojo.com\/independiente\/wp-json\/wp\/v2\/posts"}],"about":[{"href":"https:\/\/www.locoxelrojo.com\/independiente\/wp-json\/wp\/v2\/types\/post"}],"author":[{"embeddable":true,"href":"https:\/\/www.locoxelrojo.com\/independiente\/wp-json\/wp\/v2\/users\/11"}],"replies":[{"embeddable":true,"href":"https:\/\/www.locoxelrojo.com\/independiente\/wp-json\/wp\/v2\/comments?post=20212"}],"version-history":[{"count":0,"href":"https:\/\/www.locoxelrojo.com\/independiente\/wp-json\/wp\/v2\/posts\/20212\/revisions"}],"wp:attachment":[{"href":"https:\/\/www.locoxelrojo.com\/independiente\/wp-json\/wp\/v2\/media?parent=20212"}],"wp:term":[{"taxonomy":"category","embeddable":true,"href":"https:\/\/www.locoxelrojo.com\/independiente\/wp-json\/wp\/v2\/categories?post=20212"},{"taxonomy":"post_tag","embeddable":true,"href":"https:\/\/www.locoxelrojo.com\/independiente\/wp-json\/wp\/v2\/tags?post=20212"}],"curies":[{"name":"wp","href":"https:\/\/api.w.org\/{rel}","templated":true}]}}