{"id":2035,"date":"2010-10-14T15:15:38","date_gmt":"2010-10-14T17:15:38","guid":{"rendered":"http:\/\/www.locoxelrojo.com.ar\/independiente\/?p=2035"},"modified":"2010-10-14T15:15:38","modified_gmt":"2010-10-14T17:15:38","slug":"y-un-dia-volvio","status":"publish","type":"post","link":"https:\/\/www.locoxelrojo.com\/independiente\/2010\/10\/14\/y-un-dia-volvio\/","title":{"rendered":"Y un d\u00eda volvi\u00f3"},"content":{"rendered":"<p><a href=\"http:\/\/www.locoxelrojo.com.ar\/independiente\/wp-content\/uploads\/2010\/10\/matheu2.jpg\"><img loading=\"lazy\" class=\"alignnone size-full wp-image-2036\" title=\"matheu2\" src=\"http:\/\/www.locoxelrojo.com.ar\/independiente\/wp-content\/uploads\/2010\/10\/matheu2.jpg\" alt=\"\" width=\"550\" height=\"315\" srcset=\"https:\/\/locoxelrojo.com\/independiente\/wp-content\/uploads\/2010\/10\/matheu2.jpg 550w, https:\/\/locoxelrojo.com\/independiente\/wp-content\/uploads\/2010\/10\/matheu2-300x171.jpg 300w\" sizes=\"(max-width: 550px) 100vw, 550px\" \/><\/a><\/p>\n<p>Antonio Mohamed ratific\u00f3 entre los titulares a Carlos Matheu, el central har\u00e1 lo propio con linea de 3 y se termin\u00f3 de recuperar de la rotura de ligamentos por segunda vez en su rodilla derecha en\u00a0el partido amistoso de la Selecci\u00f3n Argentina ante Costa Rica\u00a0jugado el 27 de enero de este a\u00f1o\u00a0en San Juan.<\/p>\n<p>El \u00faltimo partido que jug\u00f3 en la primera de Independiente fue el 12  de diciembre de 2009 en el empate 0 a 0 contra Lan\u00fas en condici\u00f3n de visitante.<\/p>\n<p>Cabe destacar que Carlitos ya hizo f\u00fatbol en los partidos de  reserva ante Godoy Cruz y Racing (103 minutos entre los dos  encuentros).<\/p>\n","protected":false},"excerpt":{"rendered":"<p>Antonio Mohamed ratific\u00f3 entre los titulares a Carlos Matheu, el central har\u00e1 lo propio con linea de 3 y se termin\u00f3 de recuperar de la rotura de ligamentos por segunda vez en su rodilla derecha en\u00a0el partido amistoso de la Selecci\u00f3n Argentina ante Costa Rica\u00a0jugado el 27 de enero de este a\u00f1o\u00a0en San Juan. El [&hellip;]<\/p>\n","protected":false},"author":1,"featured_media":0,"comment_status":"open","ping_status":"open","sticky":false,"template":"","format":"standard","meta":{"_links_to":"","_links_to_target":""},"categories":[3,1],"tags":[27],"_links":{"self":[{"href":"https:\/\/www.locoxelrojo.com\/independiente\/wp-json\/wp\/v2\/posts\/2035"}],"collection":[{"href":"https:\/\/www.locoxelrojo.com\/independiente\/wp-json\/wp\/v2\/posts"}],"about":[{"href":"https:\/\/www.locoxelrojo.com\/independiente\/wp-json\/wp\/v2\/types\/post"}],"author":[{"embeddable":true,"href":"https:\/\/www.locoxelrojo.com\/independiente\/wp-json\/wp\/v2\/users\/1"}],"replies":[{"embeddable":true,"href":"https:\/\/www.locoxelrojo.com\/independiente\/wp-json\/wp\/v2\/comments?post=2035"}],"version-history":[{"count":0,"href":"https:\/\/www.locoxelrojo.com\/independiente\/wp-json\/wp\/v2\/posts\/2035\/revisions"}],"wp:attachment":[{"href":"https:\/\/www.locoxelrojo.com\/independiente\/wp-json\/wp\/v2\/media?parent=2035"}],"wp:term":[{"taxonomy":"category","embeddable":true,"href":"https:\/\/www.locoxelrojo.com\/independiente\/wp-json\/wp\/v2\/categories?post=2035"},{"taxonomy":"post_tag","embeddable":true,"href":"https:\/\/www.locoxelrojo.com\/independiente\/wp-json\/wp\/v2\/tags?post=2035"}],"curies":[{"name":"wp","href":"https:\/\/api.w.org\/{rel}","templated":true}]}}