{"id":2050,"date":"2010-10-15T12:44:29","date_gmt":"2010-10-15T14:44:29","guid":{"rendered":"http:\/\/www.locoxelrojo.com.ar\/independiente\/?p=2050"},"modified":"2015-09-09T04:26:26","modified_gmt":"2015-09-09T07:26:26","slug":"homenaje-a-christian-baez","status":"publish","type":"post","link":"https:\/\/www.locoxelrojo.com\/independiente\/2010\/10\/15\/homenaje-a-christian-baez\/","title":{"rendered":"Homenaje a Cristian B\u00e1ez"},"content":{"rendered":"<p><a href=\"http:\/\/www.locoxelrojo.com.ar\/independiente\/wp-content\/uploads\/2010\/10\/baezhomenaje.jpg\"><img loading=\"lazy\" class=\"alignnone size-full wp-image-2055\" title=\"baezhomenaje\" src=\"http:\/\/www.locoxelrojo.com.ar\/independiente\/wp-content\/uploads\/2010\/10\/baezhomenaje.jpg\" alt=\"\" width=\"550\" height=\"315\" srcset=\"https:\/\/locoxelrojo.com\/independiente\/wp-content\/uploads\/2010\/10\/baezhomenaje.jpg 550w, https:\/\/locoxelrojo.com\/independiente\/wp-content\/uploads\/2010\/10\/baezhomenaje-300x171.jpg 300w\" sizes=\"(max-width: 550px) 100vw, 550px\" \/><\/a><\/p>\n<p>El defensor fue estampado en una foto ubicada en el gimnasio donde entrenan los j\u00f3venes de las divisiones inferiores en Villa Dom\u00ednico luego del gol frente a Racing Club que signific\u00f3 la victoria en el cl\u00e1sico.<\/p>\n<p>Por otro lado, en modo de agradecimiento, Cristian Ba\u00e9z le obsequi\u00f3 su camiseta a Francisco S\u00e1, quien le dio la confianza para debutar en Primera. Pancho se la puso y la mostr\u00f3. Luego hablaron Mag\u00e1n, Anselmi y Cacho V\u00e1zquez.<\/p>\n<p>Cristian B\u00e1ez lleg\u00f3 al f\u00fatbol del club en 2000 con tan s\u00f3lo 9 a\u00f1os, se puso la camiseta de Independiente para jugar en el f\u00fatbol infantil y desde ah\u00ed comenz\u00f3 una carrera sin escalas hasta la Primera.<\/p>\n<p>Mir\u00e1 los videos que el jugador dio a la P\u00e1gina Oficial del club.<\/p>\n<p>http:\/\/www.youtube.com\/watch?v=YiXZTuS11LU<\/p>\n","protected":false},"excerpt":{"rendered":"<p>El defensor fue estampado en una foto ubicada en el gimnasio donde entrenan los j\u00f3venes de las divisiones inferiores en Villa Dom\u00ednico luego del gol frente a Racing Club que signific\u00f3 la victoria en el cl\u00e1sico. Por otro lado, en modo de agradecimiento, Cristian Ba\u00e9z le obsequi\u00f3 su camiseta a Francisco S\u00e1, quien le dio [&hellip;]<\/p>\n","protected":false},"author":1,"featured_media":0,"comment_status":"open","ping_status":"open","sticky":false,"template":"","format":"standard","meta":{"_links_to":"","_links_to_target":""},"categories":[3,1],"tags":[3018],"_links":{"self":[{"href":"https:\/\/www.locoxelrojo.com\/independiente\/wp-json\/wp\/v2\/posts\/2050"}],"collection":[{"href":"https:\/\/www.locoxelrojo.com\/independiente\/wp-json\/wp\/v2\/posts"}],"about":[{"href":"https:\/\/www.locoxelrojo.com\/independiente\/wp-json\/wp\/v2\/types\/post"}],"author":[{"embeddable":true,"href":"https:\/\/www.locoxelrojo.com\/independiente\/wp-json\/wp\/v2\/users\/1"}],"replies":[{"embeddable":true,"href":"https:\/\/www.locoxelrojo.com\/independiente\/wp-json\/wp\/v2\/comments?post=2050"}],"version-history":[{"count":0,"href":"https:\/\/www.locoxelrojo.com\/independiente\/wp-json\/wp\/v2\/posts\/2050\/revisions"}],"wp:attachment":[{"href":"https:\/\/www.locoxelrojo.com\/independiente\/wp-json\/wp\/v2\/media?parent=2050"}],"wp:term":[{"taxonomy":"category","embeddable":true,"href":"https:\/\/www.locoxelrojo.com\/independiente\/wp-json\/wp\/v2\/categories?post=2050"},{"taxonomy":"post_tag","embeddable":true,"href":"https:\/\/www.locoxelrojo.com\/independiente\/wp-json\/wp\/v2\/tags?post=2050"}],"curies":[{"name":"wp","href":"https:\/\/api.w.org\/{rel}","templated":true}]}}