{"id":206,"date":"2010-08-19T20:16:24","date_gmt":"2010-08-19T23:16:24","guid":{"rendered":"http:\/\/www.locoxelrojo.com.ar\/independiente\/?p=206"},"modified":"2015-09-08T22:02:32","modified_gmt":"2015-09-09T01:02:32","slug":"%e2%80%9cni-quiero-pensar-en-quedar-seis-meses-parado%e2%80%9d","status":"publish","type":"post","link":"https:\/\/www.locoxelrojo.com\/independiente\/2010\/08\/19\/%e2%80%9cni-quiero-pensar-en-quedar-seis-meses-parado%e2%80%9d\/","title":{"rendered":"M. Vel\u00e1zquez: &#8220;Ni quiero pensar en quedar seis meses parado&#8221;"},"content":{"rendered":"<p><a href=\"http:\/\/www.locoxelrojo.com.ar\/independiente\/wp-content\/uploads\/2010\/08\/velazquezmaxi.jpg\"><img loading=\"lazy\" class=\"alignnone size-full wp-image-207\" title=\"velazquezmaxi\" src=\"http:\/\/www.locoxelrojo.com.ar\/independiente\/wp-content\/uploads\/2010\/08\/velazquezmaxi.jpg\" alt=\"\" width=\"550\" height=\"315\" srcset=\"https:\/\/locoxelrojo.com\/independiente\/wp-content\/uploads\/2010\/08\/velazquezmaxi.jpg 550w, https:\/\/locoxelrojo.com\/independiente\/wp-content\/uploads\/2010\/08\/velazquezmaxi-300x171.jpg 300w\" sizes=\"(max-width: 550px) 100vw, 550px\" \/><\/a><\/p>\n<p>Maximiliano Vel\u00e1zquez en el entrenamiento de hoy en Villa Dominico, dialog\u00f3 con Julio Comparada sobre su situaci\u00f3n en el club.<\/p>\n<p>Luego en exclusiva para La Red, cont\u00f3 intimidades sobre la charla:\u00a0<strong> \u201cLe plante\u00e9 a Julio de irme. Como a Lucas se le acortan los tiempos, a mi tambi\u00e9n. Me dijo que le de dos o tres d\u00edas m\u00e1s. Si se consigue algo y Lucas se queda, me gustar\u00eda irme, no quiero estar seis meses sin jugar, no me gusta, vine a jugar muy ilusionado\u201d<\/strong>, confes\u00f3 Maxi.<\/p>\n<p><strong>\u201cLo que pasa es que no se sabe si se va a ir, en principio mi llegada fue por eso. Lo que quiero es jugar, hoy por hoy no me toca ni siquiera estar entre los concentrados, nunca me toc\u00f3 vivir esto en mi carrera, m\u00e1s con el presente que ten\u00eda en Lan\u00fas\u201d<\/strong>, agreg\u00f3 el lateral.<\/p>\n<p><strong>\u201cEn la pretemporada ven\u00eda jugando siempre, mi ilusi\u00f3n era muy grande, y ahora esto&#8221;<\/strong>, sigui\u00f3 el lateral.<\/p>\n<p><strong>&#8220;Lucas es un grand\u00edsimo jugador, referente, es dificil que salga del equipo. Los libros van cerrando y si Lucas se queda en el club, me quiero ir\u201d<\/strong>, manifesto\u00f3 Vel\u00e1zquez.<\/p>\n<p>Para cerra dejo en claro su postura: <strong>\u201cNi quiero pensar en quedar seis meses parado\u201d<\/strong>.<\/p>\n","protected":false},"excerpt":{"rendered":"<p>Maximiliano Vel\u00e1zquez en el entrenamiento de hoy en Villa Dominico, dialog\u00f3 con Julio Comparada sobre su situaci\u00f3n en el club. Luego en exclusiva para La Red, cont\u00f3 intimidades sobre la charla:\u00a0 \u201cLe plante\u00e9 a Julio de irme. Como a Lucas se le acortan los tiempos, a mi tambi\u00e9n. Me dijo que le de dos o [&hellip;]<\/p>\n","protected":false},"author":1,"featured_media":0,"comment_status":"open","ping_status":"open","sticky":false,"template":"","format":"standard","meta":{"_links_to":"","_links_to_target":""},"categories":[3,1],"tags":[154],"_links":{"self":[{"href":"https:\/\/www.locoxelrojo.com\/independiente\/wp-json\/wp\/v2\/posts\/206"}],"collection":[{"href":"https:\/\/www.locoxelrojo.com\/independiente\/wp-json\/wp\/v2\/posts"}],"about":[{"href":"https:\/\/www.locoxelrojo.com\/independiente\/wp-json\/wp\/v2\/types\/post"}],"author":[{"embeddable":true,"href":"https:\/\/www.locoxelrojo.com\/independiente\/wp-json\/wp\/v2\/users\/1"}],"replies":[{"embeddable":true,"href":"https:\/\/www.locoxelrojo.com\/independiente\/wp-json\/wp\/v2\/comments?post=206"}],"version-history":[{"count":0,"href":"https:\/\/www.locoxelrojo.com\/independiente\/wp-json\/wp\/v2\/posts\/206\/revisions"}],"wp:attachment":[{"href":"https:\/\/www.locoxelrojo.com\/independiente\/wp-json\/wp\/v2\/media?parent=206"}],"wp:term":[{"taxonomy":"category","embeddable":true,"href":"https:\/\/www.locoxelrojo.com\/independiente\/wp-json\/wp\/v2\/categories?post=206"},{"taxonomy":"post_tag","embeddable":true,"href":"https:\/\/www.locoxelrojo.com\/independiente\/wp-json\/wp\/v2\/tags?post=206"}],"curies":[{"name":"wp","href":"https:\/\/api.w.org\/{rel}","templated":true}]}}