{"id":20840,"date":"2012-08-19T13:04:22","date_gmt":"2012-08-19T16:04:22","guid":{"rendered":"http:\/\/www.locoxelrojo.com.ar\/independiente\/?p=20840"},"modified":"2012-08-19T16:09:40","modified_gmt":"2012-08-19T19:09:40","slug":"sin-dar-explicaciones","status":"publish","type":"post","link":"https:\/\/www.locoxelrojo.com\/independiente\/2012\/08\/19\/sin-dar-explicaciones\/","title":{"rendered":"Sin dar explicaciones"},"content":{"rendered":"<p><a href=\"http:\/\/www.locoxelrojo.com.ar\/independiente\/wp-content\/uploads\/2012\/08\/Independiente_Racing_CristianDiaz.jpg\"><img loading=\"lazy\" class=\"alignnone size-full wp-image-20860\" title=\"Independiente_Racing_CristianDiaz\" src=\"http:\/\/www.locoxelrojo.com.ar\/independiente\/wp-content\/uploads\/2012\/08\/Independiente_Racing_CristianDiaz.jpg\" alt=\"\" width=\"590\" height=\"315\" srcset=\"https:\/\/locoxelrojo.com\/independiente\/wp-content\/uploads\/2012\/08\/Independiente_Racing_CristianDiaz.jpg 590w, https:\/\/locoxelrojo.com\/independiente\/wp-content\/uploads\/2012\/08\/Independiente_Racing_CristianDiaz-300x160.jpg 300w\" sizes=\"(max-width: 590px) 100vw, 590px\" \/><\/a><\/p>\n<p><strong>Cristian D\u00edaz tard\u00f3 casi media hora en informarle a los encargados de prensa que no dar\u00eda explicaciones a los hinchas sobre la clara derrota por 2-0 frente a Racing Club.<\/strong> Los encargados de poner la cara ante el periodismo fueron Sergio Barbui y Dar\u00edo Eichenblat, encargados de Prensa del Club Atl\u00e9tico Independiente.<\/p>\n<p>&#8220;No van a hablar&#8221;, dezlizaron dos menos veinte de la tarde cuando la mayor\u00eda del periodismo partidario ped\u00eda por la renuncia del entrenador. A esto, se sumaban las c\u00e1maras de televisi\u00f3n y varias radios nacionales. <strong>Independiente volver\u00e1 a los entrenamientos ma\u00f1ana por la ma\u00f1ana en Ezeiza y a puertas cerradas pensando en Boca -mi\u00e9rcoles 19:30 en la Bombonera por la Copa Sudamericana-.<\/strong><\/p>\n<p><strong>Los \u00fanicos dos que atendieron a la prensa fuero Fabi\u00e1n Vargas y Javier Cantero.<\/strong> El colombiano reconoci\u00f3 la superioridad del rival y destac\u00f3 el aprovechamiento de las fallas defensivas. Adem\u00e1s, advirti\u00f3 que con la expulsi\u00f3n Independiente debi\u00f3 salir a buscarlo y termin\u00f3 perdi\u00e9ndolo. El Presidente, por su parte, ratific\u00f3 al entrenador -al menos hasta Arsenal de Sarand\u00ed-, pero se mostr\u00f3 molesto con el planteo t\u00e1ctico.<\/p>\n","protected":false},"excerpt":{"rendered":"<p>Cristian D\u00edaz tard\u00f3 casi media hora en informarle a los encargados de prensa que no dar\u00eda explicaciones a los hinchas sobre la clara derrota por 2-0 frente a Racing Club. Los encargados de poner la cara ante el periodismo fueron Sergio Barbui y Dar\u00edo Eichenblat, encargados de Prensa del Club Atl\u00e9tico Independiente. &#8220;No van a [&hellip;]<\/p>\n","protected":false},"author":1,"featured_media":0,"comment_status":"open","ping_status":"open","sticky":false,"template":"","format":"standard","meta":{"_links_to":"","_links_to_target":""},"categories":[3,1],"tags":[153,188,1560,723,210,1618],"_links":{"self":[{"href":"https:\/\/www.locoxelrojo.com\/independiente\/wp-json\/wp\/v2\/posts\/20840"}],"collection":[{"href":"https:\/\/www.locoxelrojo.com\/independiente\/wp-json\/wp\/v2\/posts"}],"about":[{"href":"https:\/\/www.locoxelrojo.com\/independiente\/wp-json\/wp\/v2\/types\/post"}],"author":[{"embeddable":true,"href":"https:\/\/www.locoxelrojo.com\/independiente\/wp-json\/wp\/v2\/users\/1"}],"replies":[{"embeddable":true,"href":"https:\/\/www.locoxelrojo.com\/independiente\/wp-json\/wp\/v2\/comments?post=20840"}],"version-history":[{"count":0,"href":"https:\/\/www.locoxelrojo.com\/independiente\/wp-json\/wp\/v2\/posts\/20840\/revisions"}],"wp:attachment":[{"href":"https:\/\/www.locoxelrojo.com\/independiente\/wp-json\/wp\/v2\/media?parent=20840"}],"wp:term":[{"taxonomy":"category","embeddable":true,"href":"https:\/\/www.locoxelrojo.com\/independiente\/wp-json\/wp\/v2\/categories?post=20840"},{"taxonomy":"post_tag","embeddable":true,"href":"https:\/\/www.locoxelrojo.com\/independiente\/wp-json\/wp\/v2\/tags?post=20840"}],"curies":[{"name":"wp","href":"https:\/\/api.w.org\/{rel}","templated":true}]}}