{"id":20846,"date":"2012-08-19T14:55:51","date_gmt":"2012-08-19T17:55:51","guid":{"rendered":"http:\/\/www.locoxelrojo.com.ar\/independiente\/?p=20846"},"modified":"2012-08-19T14:55:51","modified_gmt":"2012-08-19T17:55:51","slug":"vargas-la-expulsion-complico-el-partido","status":"publish","type":"post","link":"https:\/\/www.locoxelrojo.com\/independiente\/2012\/08\/19\/vargas-la-expulsion-complico-el-partido\/","title":{"rendered":"Vargas: &#8220;La expulsi\u00f3n complic\u00f3 el partido&#8221;"},"content":{"rendered":"<p><a href=\"http:\/\/www.locoxelrojo.com.ar\/independiente\/wp-content\/uploads\/2012\/08\/Racing_Independiente_MorelRodriguez.jpg\"><img loading=\"lazy\" class=\"alignnone size-full wp-image-20864\" title=\"Racing_Independiente_MorelRodriguez\" src=\"http:\/\/www.locoxelrojo.com.ar\/independiente\/wp-content\/uploads\/2012\/08\/Racing_Independiente_MorelRodriguez.jpg\" alt=\"\" width=\"590\" height=\"315\" srcset=\"https:\/\/locoxelrojo.com\/independiente\/wp-content\/uploads\/2012\/08\/Racing_Independiente_MorelRodriguez.jpg 590w, https:\/\/locoxelrojo.com\/independiente\/wp-content\/uploads\/2012\/08\/Racing_Independiente_MorelRodriguez-300x160.jpg 300w\" sizes=\"(max-width: 590px) 100vw, 590px\" \/><\/a><\/p>\n<p><strong>Fabi\u00e1n Vargas<\/strong> fue el \u00fanico del plantel profesional que emiti\u00f3 declaraciones a la prensa. <strong>&#8220;La apertura del marcador nos oblig\u00f3 a salir m\u00e1s y generamos espacios, pero la expulsi\u00f3n complic\u00f3 el partido<\/strong>&#8220;, reflexion\u00f3 el colombiano quien adem\u00e1s destac\u00f3 que<strong> &#8220;Racing abri\u00f3 bien la cancha&#8221;.<\/strong><\/p>\n<p>Desde su punto de vista,<strong> &#8220;intentamos por todos lados tratar de tener la pelota y abrir la cancha para llegar por los costados, pero lleg\u00f3 el segundo gol&#8221;<\/strong>. Sobre el mismo, explic\u00f3<strong>: &#8220;el gol de contragolpe sucedi\u00f3 cuando nosotros atac\u00e1bamos. Dentro de la cancha sentimos que no hac\u00edan da\u00f1o y ten\u00edan la pelota&#8221;<\/strong>, lament\u00f3.<\/p>\n<p>Consultado sobre la falta de situaciones, justific\u00f3: <strong>&#8220;Llegamos bien por los costados, pero en un contragolpe vino el gol que cambi\u00f3 el partido. No me parece que hayan sido muy superiores. Aprovecharon distracciones defensivas y tuvieron velocidad con Hauche&#8221;.<\/strong> Reci\u00e9n sobre el final, reconoci\u00f3: <strong>&#8220;Consiguieron un buen triunfo&#8221;.<\/strong><\/p>\n","protected":false},"excerpt":{"rendered":"<p>Fabi\u00e1n Vargas fue el \u00fanico del plantel profesional que emiti\u00f3 declaraciones a la prensa. &#8220;La apertura del marcador nos oblig\u00f3 a salir m\u00e1s y generamos espacios, pero la expulsi\u00f3n complic\u00f3 el partido&#8220;, reflexion\u00f3 el colombiano quien adem\u00e1s destac\u00f3 que &#8220;Racing abri\u00f3 bien la cancha&#8221;. Desde su punto de vista, &#8220;intentamos por todos lados tratar de [&hellip;]<\/p>\n","protected":false},"author":1,"featured_media":0,"comment_status":"open","ping_status":"open","sticky":false,"template":"","format":"standard","meta":{"_links_to":"","_links_to_target":""},"categories":[3,1],"tags":[1620,153,1560,1245,210,1618],"_links":{"self":[{"href":"https:\/\/www.locoxelrojo.com\/independiente\/wp-json\/wp\/v2\/posts\/20846"}],"collection":[{"href":"https:\/\/www.locoxelrojo.com\/independiente\/wp-json\/wp\/v2\/posts"}],"about":[{"href":"https:\/\/www.locoxelrojo.com\/independiente\/wp-json\/wp\/v2\/types\/post"}],"author":[{"embeddable":true,"href":"https:\/\/www.locoxelrojo.com\/independiente\/wp-json\/wp\/v2\/users\/1"}],"replies":[{"embeddable":true,"href":"https:\/\/www.locoxelrojo.com\/independiente\/wp-json\/wp\/v2\/comments?post=20846"}],"version-history":[{"count":0,"href":"https:\/\/www.locoxelrojo.com\/independiente\/wp-json\/wp\/v2\/posts\/20846\/revisions"}],"wp:attachment":[{"href":"https:\/\/www.locoxelrojo.com\/independiente\/wp-json\/wp\/v2\/media?parent=20846"}],"wp:term":[{"taxonomy":"category","embeddable":true,"href":"https:\/\/www.locoxelrojo.com\/independiente\/wp-json\/wp\/v2\/categories?post=20846"},{"taxonomy":"post_tag","embeddable":true,"href":"https:\/\/www.locoxelrojo.com\/independiente\/wp-json\/wp\/v2\/tags?post=20846"}],"curies":[{"name":"wp","href":"https:\/\/api.w.org\/{rel}","templated":true}]}}