{"id":20950,"date":"2012-08-20T13:20:42","date_gmt":"2012-08-20T16:20:42","guid":{"rendered":"http:\/\/www.locoxelrojo.com.ar\/independiente\/?p=20950"},"modified":"2012-08-20T13:20:42","modified_gmt":"2012-08-20T16:20:42","slug":"cantero-cristian-dirige-contra-boca-y-arsenal","status":"publish","type":"post","link":"https:\/\/www.locoxelrojo.com\/independiente\/2012\/08\/20\/cantero-cristian-dirige-contra-boca-y-arsenal\/","title":{"rendered":"Cantero: &#8220;Cristian dirige contra Boca y Arsenal&#8221;"},"content":{"rendered":"<p><a href=\"http:\/\/www.locoxelrojo.com.ar\/independiente\/wp-content\/uploads\/2012\/08\/Cantero-7.jpg\"><img loading=\"lazy\" class=\"alignnone size-full wp-image-20951\" title=\"Cantero 7\" src=\"http:\/\/www.locoxelrojo.com.ar\/independiente\/wp-content\/uploads\/2012\/08\/Cantero-7.jpg\" alt=\"\" width=\"590\" height=\"315\" srcset=\"https:\/\/locoxelrojo.com\/independiente\/wp-content\/uploads\/2012\/08\/Cantero-7.jpg 590w, https:\/\/locoxelrojo.com\/independiente\/wp-content\/uploads\/2012\/08\/Cantero-7-300x160.jpg 300w\" sizes=\"(max-width: 590px) 100vw, 590px\" \/><\/a><\/p>\n<p>Javier Cantero ratific\u00f3 este mediod\u00eda ante la prensa <strong>que Cristian D\u00edaz estar\u00e1 en el banco ante Boca y Arsenal. De todas formas, reconoci\u00f3 que no se pueden perder m\u00e1s puntos.<\/strong><\/p>\n<p><strong>&#8220;Cristian es consciente de que no se puede seguir as\u00ed. Con Boca y Arsenal dirige seguro. Entiendo los insultos porque se como son los hinchas. No me preocupa eso&#8221;<\/strong>, expres\u00f3 el Presidente.<\/p>\n<p>Por otro lado, repudi\u00f3 el pedido de la gente para que se cambie el t\u00e9cnico: <strong>&#8220;\u00bfPensaban que ayer a la noche iba a buscar un DT? Esas son payasadas que pasaban antes. Descreo de las decisiones que se toman en 5 minutos. Estamos trabajando como hay que trabajar&#8221;.<\/strong><\/p>\n<p><strong>&#8220;Me molesta que Independiente no llegue al arco. Un enganche puede crear algo impensado&#8221;<\/strong>, admiti\u00f3 en cuanto al rendimiento del equipo.<\/p>\n<p><strong>Finalmente cont\u00f3 que la barrabrava ayer incendi\u00f3 persianas en Boyac\u00e1 y asegur\u00f3 que incrementar\u00e1n el derecho de admisi\u00f3n.<\/strong><\/p>\n","protected":false},"excerpt":{"rendered":"<p>Javier Cantero ratific\u00f3 este mediod\u00eda ante la prensa que Cristian D\u00edaz estar\u00e1 en el banco ante Boca y Arsenal. De todas formas, reconoci\u00f3 que no se pueden perder m\u00e1s puntos. &#8220;Cristian es consciente de que no se puede seguir as\u00ed. Con Boca y Arsenal dirige seguro. Entiendo los insultos porque se como son los hinchas. [&hellip;]<\/p>\n","protected":false},"author":11,"featured_media":0,"comment_status":"open","ping_status":"open","sticky":false,"template":"","format":"standard","meta":{"_links_to":"","_links_to_target":""},"categories":[3,1],"tags":[153,188,723],"_links":{"self":[{"href":"https:\/\/www.locoxelrojo.com\/independiente\/wp-json\/wp\/v2\/posts\/20950"}],"collection":[{"href":"https:\/\/www.locoxelrojo.com\/independiente\/wp-json\/wp\/v2\/posts"}],"about":[{"href":"https:\/\/www.locoxelrojo.com\/independiente\/wp-json\/wp\/v2\/types\/post"}],"author":[{"embeddable":true,"href":"https:\/\/www.locoxelrojo.com\/independiente\/wp-json\/wp\/v2\/users\/11"}],"replies":[{"embeddable":true,"href":"https:\/\/www.locoxelrojo.com\/independiente\/wp-json\/wp\/v2\/comments?post=20950"}],"version-history":[{"count":0,"href":"https:\/\/www.locoxelrojo.com\/independiente\/wp-json\/wp\/v2\/posts\/20950\/revisions"}],"wp:attachment":[{"href":"https:\/\/www.locoxelrojo.com\/independiente\/wp-json\/wp\/v2\/media?parent=20950"}],"wp:term":[{"taxonomy":"category","embeddable":true,"href":"https:\/\/www.locoxelrojo.com\/independiente\/wp-json\/wp\/v2\/categories?post=20950"},{"taxonomy":"post_tag","embeddable":true,"href":"https:\/\/www.locoxelrojo.com\/independiente\/wp-json\/wp\/v2\/tags?post=20950"}],"curies":[{"name":"wp","href":"https:\/\/api.w.org\/{rel}","templated":true}]}}