{"id":21004,"date":"2012-08-21T14:06:57","date_gmt":"2012-08-21T17:06:57","guid":{"rendered":"http:\/\/www.locoxelrojo.com.ar\/independiente\/?p=21004"},"modified":"2012-08-21T14:06:57","modified_gmt":"2012-08-21T17:06:57","slug":"equipo-listo-ante-boca","status":"publish","type":"post","link":"https:\/\/www.locoxelrojo.com\/independiente\/2012\/08\/21\/equipo-listo-ante-boca\/","title":{"rendered":"Equipo listo ante Boca"},"content":{"rendered":"<p><a href=\"http:\/\/www.locoxelrojo.com.ar\/independiente\/wp-content\/uploads\/2012\/08\/Entrenamiento-17.jpg\"><img loading=\"lazy\" class=\"alignnone size-full wp-image-21006\" title=\"Entrenamiento 17\" src=\"http:\/\/www.locoxelrojo.com.ar\/independiente\/wp-content\/uploads\/2012\/08\/Entrenamiento-17.jpg\" alt=\"\" width=\"590\" height=\"315\" srcset=\"https:\/\/locoxelrojo.com\/independiente\/wp-content\/uploads\/2012\/08\/Entrenamiento-17.jpg 590w, https:\/\/locoxelrojo.com\/independiente\/wp-content\/uploads\/2012\/08\/Entrenamiento-17-300x160.jpg 300w\" sizes=\"(max-width: 590px) 100vw, 590px\" \/><\/a><\/p>\n<p>El plantel de Independiente se entren\u00f3 esta ma\u00f1ana a puertas cerradas en el predio de Ezeiza y <strong>Cristian D\u00edaz ya tiene definidos los 11 titulares que enfrentar\u00e1n ma\u00f1ana a Boca en la Bombonera.<\/strong><\/p>\n<p>Aunque el promedio asfixia en el torneo local, el entrenador decidi\u00f3 no guardarse nada para enfrentar al Xeneize en la Sudamericana. <strong>Por eso los 11 que saldr\u00e1n a la cancha ser\u00e1n: Navarro; Russo, Tula, Galeano, Morel Rodr\u00edguez; Santana, Batti\u00f3n, Vargas; Rosales; Far\u00edas y Vidal.<\/strong><\/p>\n<p><strong>Eduardo Tuzzio no ser\u00e1 de la partida por un golpe que recibi\u00f3 en el cl\u00e1sico ante Racing. En cuanto a Hern\u00e1n Fredes y V\u00edctor Zapata, se encuentran en la etapa final de la recuperaci\u00f3n de sus lesiones.<\/strong><\/p>\n","protected":false},"excerpt":{"rendered":"<p>El plantel de Independiente se entren\u00f3 esta ma\u00f1ana a puertas cerradas en el predio de Ezeiza y Cristian D\u00edaz ya tiene definidos los 11 titulares que enfrentar\u00e1n ma\u00f1ana a Boca en la Bombonera. Aunque el promedio asfixia en el torneo local, el entrenador decidi\u00f3 no guardarse nada para enfrentar al Xeneize en la Sudamericana. Por [&hellip;]<\/p>\n","protected":false},"author":11,"featured_media":0,"comment_status":"open","ping_status":"open","sticky":false,"template":"","format":"standard","meta":{"_links_to":"","_links_to_target":""},"categories":[3,1],"tags":[153,135],"_links":{"self":[{"href":"https:\/\/www.locoxelrojo.com\/independiente\/wp-json\/wp\/v2\/posts\/21004"}],"collection":[{"href":"https:\/\/www.locoxelrojo.com\/independiente\/wp-json\/wp\/v2\/posts"}],"about":[{"href":"https:\/\/www.locoxelrojo.com\/independiente\/wp-json\/wp\/v2\/types\/post"}],"author":[{"embeddable":true,"href":"https:\/\/www.locoxelrojo.com\/independiente\/wp-json\/wp\/v2\/users\/11"}],"replies":[{"embeddable":true,"href":"https:\/\/www.locoxelrojo.com\/independiente\/wp-json\/wp\/v2\/comments?post=21004"}],"version-history":[{"count":0,"href":"https:\/\/www.locoxelrojo.com\/independiente\/wp-json\/wp\/v2\/posts\/21004\/revisions"}],"wp:attachment":[{"href":"https:\/\/www.locoxelrojo.com\/independiente\/wp-json\/wp\/v2\/media?parent=21004"}],"wp:term":[{"taxonomy":"category","embeddable":true,"href":"https:\/\/www.locoxelrojo.com\/independiente\/wp-json\/wp\/v2\/categories?post=21004"},{"taxonomy":"post_tag","embeddable":true,"href":"https:\/\/www.locoxelrojo.com\/independiente\/wp-json\/wp\/v2\/tags?post=21004"}],"curies":[{"name":"wp","href":"https:\/\/api.w.org\/{rel}","templated":true}]}}