{"id":21180,"date":"2012-08-24T19:50:08","date_gmt":"2012-08-24T22:50:08","guid":{"rendered":"http:\/\/www.locoxelrojo.com.ar\/independiente\/?p=21180"},"modified":"2012-08-24T20:22:47","modified_gmt":"2012-08-24T23:22:47","slug":"no-cuenten-conmigo","status":"publish","type":"post","link":"https:\/\/www.locoxelrojo.com\/independiente\/2012\/08\/24\/no-cuenten-conmigo\/","title":{"rendered":"No cuenten conmigo"},"content":{"rendered":"<p><a href=\"http:\/\/www.locoxelrojo.com.ar\/independiente\/wp-content\/uploads\/2012\/08\/santana-cai.jpg\"><img loading=\"lazy\" class=\"alignnone size-full wp-image-21181\" title=\"santana-cai\" src=\"http:\/\/www.locoxelrojo.com.ar\/independiente\/wp-content\/uploads\/2012\/08\/santana-cai.jpg\" alt=\"\" width=\"590\" height=\"315\" srcset=\"https:\/\/locoxelrojo.com\/independiente\/wp-content\/uploads\/2012\/08\/santana-cai.jpg 590w, https:\/\/locoxelrojo.com\/independiente\/wp-content\/uploads\/2012\/08\/santana-cai-300x160.jpg 300w\" sizes=\"(max-width: 590px) 100vw, 590px\" \/><\/a><\/p>\n<p><strong>Jonathan Santana, el autor de uno de los goles en el empate 3 a 3 de Independiente frente a Boca en La Bombonera por la Copa Sudamericana, no podr\u00e1 jugar este fin de semana contra Arsenal, por pedido de la AFA debido a la investigaci\u00f3n de la AFIP. Lo mismo ocurre con V\u00edctor Zapata, pero el Chapa no iba a ser de la partida ya que contin\u00faa recuperandose de su lesi\u00f3n.<\/strong><\/p>\n<p>En la investigaci\u00f3n por las triangulaciones en las transferencias , el Rojo se ve involucrado con ambos jugadores. <strong>Los transfers de Santana y Zapata llegaron desde el club Sud Am\u00e9rica de Uruguay, en el cual ninguno jug\u00f3.<\/strong> Con diferentes representantes, la AFIP incluy\u00f3 a los jugadores dentro de una larga lista de jugadores investigados.<\/p>\n<p>Los clubes perjudicados llegaron a un acuerdo de retirar a sus jugadores hasta que todo se resuelva y por eso, este fin se semana quedaran parados. <strong>Independiente ya puso manos a la obra y entreg\u00f3 toda la documentaci\u00f3n de ambos pases. Desde el club le aseguraron a LocoXelRojo que todo est\u00e1 en regla y no habr\u00e1 problemas para que puedan estar el mi\u00e9rcoles en la revancha frente a Boca por la Copa Sudamericana.<\/strong><\/p>\n","protected":false},"excerpt":{"rendered":"<p>Jonathan Santana, el autor de uno de los goles en el empate 3 a 3 de Independiente frente a Boca en La Bombonera por la Copa Sudamericana, no podr\u00e1 jugar este fin de semana contra Arsenal, por pedido de la AFA debido a la investigaci\u00f3n de la AFIP. Lo mismo ocurre con V\u00edctor Zapata, pero [&hellip;]<\/p>\n","protected":false},"author":1,"featured_media":0,"comment_status":"open","ping_status":"open","sticky":false,"template":"","format":"standard","meta":{"_links_to":"","_links_to_target":""},"categories":[3,1],"tags":[1715,153,1568,1571],"_links":{"self":[{"href":"https:\/\/www.locoxelrojo.com\/independiente\/wp-json\/wp\/v2\/posts\/21180"}],"collection":[{"href":"https:\/\/www.locoxelrojo.com\/independiente\/wp-json\/wp\/v2\/posts"}],"about":[{"href":"https:\/\/www.locoxelrojo.com\/independiente\/wp-json\/wp\/v2\/types\/post"}],"author":[{"embeddable":true,"href":"https:\/\/www.locoxelrojo.com\/independiente\/wp-json\/wp\/v2\/users\/1"}],"replies":[{"embeddable":true,"href":"https:\/\/www.locoxelrojo.com\/independiente\/wp-json\/wp\/v2\/comments?post=21180"}],"version-history":[{"count":0,"href":"https:\/\/www.locoxelrojo.com\/independiente\/wp-json\/wp\/v2\/posts\/21180\/revisions"}],"wp:attachment":[{"href":"https:\/\/www.locoxelrojo.com\/independiente\/wp-json\/wp\/v2\/media?parent=21180"}],"wp:term":[{"taxonomy":"category","embeddable":true,"href":"https:\/\/www.locoxelrojo.com\/independiente\/wp-json\/wp\/v2\/categories?post=21180"},{"taxonomy":"post_tag","embeddable":true,"href":"https:\/\/www.locoxelrojo.com\/independiente\/wp-json\/wp\/v2\/tags?post=21180"}],"curies":[{"name":"wp","href":"https:\/\/api.w.org\/{rel}","templated":true}]}}