{"id":21185,"date":"2012-08-24T20:21:33","date_gmt":"2012-08-24T23:21:33","guid":{"rendered":"http:\/\/www.locoxelrojo.com.ar\/independiente\/?p=21185"},"modified":"2015-09-25T22:05:33","modified_gmt":"2015-09-26T01:05:33","slug":"concentrados-vs-arsenal","status":"publish","type":"post","link":"https:\/\/www.locoxelrojo.com\/independiente\/2012\/08\/24\/concentrados-vs-arsenal\/","title":{"rendered":"Concentrados vs. Arsenal"},"content":{"rendered":"<p><a href=\"http:\/\/www.locoxelrojo.com.ar\/independiente\/wp-content\/uploads\/2012\/08\/santana-diaz.jpg\"><img loading=\"lazy\" class=\"alignnone size-full wp-image-21186\" title=\"santana-diaz\" src=\"http:\/\/www.locoxelrojo.com.ar\/independiente\/wp-content\/uploads\/2012\/08\/santana-diaz.jpg\" alt=\"\" width=\"590\" height=\"315\" srcset=\"https:\/\/locoxelrojo.com\/independiente\/wp-content\/uploads\/2012\/08\/santana-diaz.jpg 590w, https:\/\/locoxelrojo.com\/independiente\/wp-content\/uploads\/2012\/08\/santana-diaz-300x160.jpg 300w\" sizes=\"(max-width: 590px) 100vw, 590px\" \/><\/a><\/p>\n<p>Cristian D\u00edaz entreg\u00f3 la n\u00f3mina de los concentrados para el partido frente a Arsenal. En esta oportunidad el entrenador decidi\u00f3 guardar a 23 jugadores, cuando en los \u00faltimos encuentros s\u00f3lo eran 20.<\/p>\n<p><strong>Eduardo Tuzzio, Federico Mancuello y Francisco Pizzini, quienes no concentraron frente a Boca Juniors por la Copa Sudamericana 2012, se agregaron por decisi\u00f3n del DT. A pesar de no poder jugar, Jonathan Santana figura en la lista. Tambi\u00e9n fue incluido Claudio Morel Rodr\u00edguez, ya que Independiente pidi\u00f3 el art\u00edculo 225 por Lucas Villalba afectado a la\u00a0Selecci\u00f3n Argentina Sub 20.<\/strong><\/p>\n<p><strong>Lista de concentrados:<\/strong><\/p>\n<p><strong>Arqueros:<\/strong> Hilario Navarro y Diego Rodr\u00edguez<\/p>\n<p><strong>Defensores:<\/strong> Cristian Tula, Claudio Morel Rodr\u00edguez, Roberto Russo, Eduardo Tuzzio, Leonel Galeano, Gabriel Vall\u00e9s y Samuel C\u00e1ceres.<\/p>\n<p><strong>Volantes:<\/strong> Roberto Batti\u00f3n, Jonathan Santana, Osmar Ferreyra, Fabi\u00e1n Monserrat, Fernando Godoy, Paulo Rosales, Fabi\u00e1n Vargas, Federico Mancuello y Lucas Villafa\u00f1ez.<\/p>\n<p><strong>Delanteros:<\/strong> Luciano Leguizam\u00f3n, Ernesto Far\u00edas, Patricio Vidal, Francisco Pizzini y Mart\u00edn Ben\u00edtez.<\/p>\n","protected":false},"excerpt":{"rendered":"<p>Cristian D\u00edaz entreg\u00f3 la n\u00f3mina de los concentrados para el partido frente a Arsenal. En esta oportunidad el entrenador decidi\u00f3 guardar a 23 jugadores, cuando en los \u00faltimos encuentros s\u00f3lo eran 20. Eduardo Tuzzio, Federico Mancuello y Francisco Pizzini, quienes no concentraron frente a Boca Juniors por la Copa Sudamericana 2012, se agregaron por decisi\u00f3n [&hellip;]<\/p>\n","protected":false},"author":1,"featured_media":0,"comment_status":"open","ping_status":"open","sticky":false,"template":"","format":"standard","meta":{"_links_to":"","_links_to_target":""},"categories":[3,1],"tags":[153,2811,3056],"_links":{"self":[{"href":"https:\/\/www.locoxelrojo.com\/independiente\/wp-json\/wp\/v2\/posts\/21185"}],"collection":[{"href":"https:\/\/www.locoxelrojo.com\/independiente\/wp-json\/wp\/v2\/posts"}],"about":[{"href":"https:\/\/www.locoxelrojo.com\/independiente\/wp-json\/wp\/v2\/types\/post"}],"author":[{"embeddable":true,"href":"https:\/\/www.locoxelrojo.com\/independiente\/wp-json\/wp\/v2\/users\/1"}],"replies":[{"embeddable":true,"href":"https:\/\/www.locoxelrojo.com\/independiente\/wp-json\/wp\/v2\/comments?post=21185"}],"version-history":[{"count":0,"href":"https:\/\/www.locoxelrojo.com\/independiente\/wp-json\/wp\/v2\/posts\/21185\/revisions"}],"wp:attachment":[{"href":"https:\/\/www.locoxelrojo.com\/independiente\/wp-json\/wp\/v2\/media?parent=21185"}],"wp:term":[{"taxonomy":"category","embeddable":true,"href":"https:\/\/www.locoxelrojo.com\/independiente\/wp-json\/wp\/v2\/categories?post=21185"},{"taxonomy":"post_tag","embeddable":true,"href":"https:\/\/www.locoxelrojo.com\/independiente\/wp-json\/wp\/v2\/tags?post=21185"}],"curies":[{"name":"wp","href":"https:\/\/api.w.org\/{rel}","templated":true}]}}