{"id":2119,"date":"2010-10-17T23:59:33","date_gmt":"2010-10-18T01:59:33","guid":{"rendered":"http:\/\/www.locoxelrojo.com.ar\/independiente\/?p=2119"},"modified":"2015-09-09T04:32:45","modified_gmt":"2015-09-09T07:32:45","slug":"el-martes-hay-una-final-importante-para-pasar-de-fase","status":"publish","type":"post","link":"https:\/\/www.locoxelrojo.com\/independiente\/2010\/10\/17\/el-martes-hay-una-final-importante-para-pasar-de-fase\/","title":{"rendered":"Matheu: &#8220;El martes hay una final importante para pasar de fase&#8221;"},"content":{"rendered":"<p><a href=\"http:\/\/www.locoxelrojo.com.ar\/independiente\/wp-content\/uploads\/2010\/10\/carlitos.jpg\"><img loading=\"lazy\" class=\"alignnone size-full wp-image-2121\" title=\"carlitos\" src=\"http:\/\/www.locoxelrojo.com.ar\/independiente\/wp-content\/uploads\/2010\/10\/carlitos.jpg\" alt=\"\" width=\"550\" height=\"315\" srcset=\"https:\/\/locoxelrojo.com\/independiente\/wp-content\/uploads\/2010\/10\/carlitos.jpg 550w, https:\/\/locoxelrojo.com\/independiente\/wp-content\/uploads\/2010\/10\/carlitos-300x171.jpg 300w\" sizes=\"(max-width: 550px) 100vw, 550px\" \/><\/a><\/p>\n<p>El partido de ayer en Floresta no dej\u00f3 muchas cosas positivas. La derrota fue dura frente a un equipo reci\u00e9n ascendido. Como positivo se puede rescatar que a Parra se le abri\u00f3 el arco y la vuelta de Carlos Matheu luego de la lesi\u00f3n.<\/p>\n<p>El Capit\u00e1n habl\u00f3 esta noche en <strong>Independiente de Am\u00e9rica por Radio El Mundo<\/strong> y cont\u00f3 que <strong>\u201ca pesar de que la cancha no ayudaba porque el pasto estaba muy alto y el terreno en malas condiciones termin\u00e9 muy bien los 90 minutos\u201d.<\/strong><\/p>\n<p>Sobre el partido de ayer dijo que<strong> \u201csi bien en la semana trabajamos mucho pelota parada tanto en ataque como en defensa, lo m\u00e1s importante es la concentraci\u00f3n. Son armas fundamentales para definir un partido y si te descuidas te cuestan caro\u201d<\/strong>. Y eso paso en Floresta. All Boys gan\u00f3 el encuentro gracias a la pelota parada.<\/p>\n<p>Al ser consultado sobre el presente de Independiente manifest\u00f3 que el plantel <strong>\u201ctiene que estar preparado para revertir esta situaci\u00f3n. No es la mejor situaci\u00f3n que queremos para Independiente\u201d<\/strong>. Y agreg\u00f3: <strong>\u201cEl martes tenemos una final muy importante para pasar de fase, es lo que nosotros queremos y la gente tambi\u00e9n\u201d.<\/strong><\/p>\n<p>Mohamed hab\u00eda fijado en el plantel 3 objetivos ni bien asumi\u00f3: Ganar el Cl\u00e1sico, La Sudamericana y Clasificar a la Libertadores. El plantel ya lo tiene en claro y Carlitos se encarg\u00f3 una vez m\u00e1s contarlo. <strong>\u201cLo que queremos es seguir en la Copa y clasificar a la Libertadores. Hay que jugar todo lo que queda como finales, terminar con la lengua afuera y quedarse tranquilo en que dejamos\u201d.<\/strong><\/p>\n<p>El partido con Defensor est\u00e1 a la vuelta de la esquina y si bien Matheu reci\u00e9n cumpli\u00f3 sus primero 90 minutos desde que recuper\u00f3 de la grave lesi\u00f3n que sufri\u00f3 jugando para el seleccionado, aun no sabe si va a estar en cancha en este partido tan importante. <strong>\u201cEso se evaluar\u00e1 ma\u00f1ana. No se lo que va a decidir el Turco sobre como va a parar el equipo\u201d.<\/strong><\/p>\n<p>A pesar de no saber si va a estar en cancha o no, se anim\u00f3 a imaginar como cree que se va a dar el partido. <strong>\u201cEl partido se va a dar un poco como se planteo all\u00e1. Un partido parejo, se van a venir a refugiar ac\u00e1 aprovechando la contra con los delanteros r\u00e1pidos y esperando alguna pelota parada. Nosotros estamos abajo en el marcador, tenemos que ser inteligentes e ir a buscarlo tratando de mantener el cero en nuestro arco\u201d.<\/strong><\/p>\n<p>Para cerrar expres\u00f3 un deseo que seguramente tenemos todos los hinchas. <strong>\u201cEsperemos darle una alegr\u00eda a la gente como paso en el cl\u00e1sico y poder clasificar\u201d.<\/strong><\/p>\n","protected":false},"excerpt":{"rendered":"<p>El partido de ayer en Floresta no dej\u00f3 muchas cosas positivas. La derrota fue dura frente a un equipo reci\u00e9n ascendido. Como positivo se puede rescatar que a Parra se le abri\u00f3 el arco y la vuelta de Carlos Matheu luego de la lesi\u00f3n. El Capit\u00e1n habl\u00f3 esta noche en Independiente de Am\u00e9rica por Radio [&hellip;]<\/p>\n","protected":false},"author":1,"featured_media":0,"comment_status":"open","ping_status":"open","sticky":false,"template":"","format":"standard","meta":{"_links_to":"","_links_to_target":""},"categories":[7,3,1],"tags":[27],"_links":{"self":[{"href":"https:\/\/www.locoxelrojo.com\/independiente\/wp-json\/wp\/v2\/posts\/2119"}],"collection":[{"href":"https:\/\/www.locoxelrojo.com\/independiente\/wp-json\/wp\/v2\/posts"}],"about":[{"href":"https:\/\/www.locoxelrojo.com\/independiente\/wp-json\/wp\/v2\/types\/post"}],"author":[{"embeddable":true,"href":"https:\/\/www.locoxelrojo.com\/independiente\/wp-json\/wp\/v2\/users\/1"}],"replies":[{"embeddable":true,"href":"https:\/\/www.locoxelrojo.com\/independiente\/wp-json\/wp\/v2\/comments?post=2119"}],"version-history":[{"count":0,"href":"https:\/\/www.locoxelrojo.com\/independiente\/wp-json\/wp\/v2\/posts\/2119\/revisions"}],"wp:attachment":[{"href":"https:\/\/www.locoxelrojo.com\/independiente\/wp-json\/wp\/v2\/media?parent=2119"}],"wp:term":[{"taxonomy":"category","embeddable":true,"href":"https:\/\/www.locoxelrojo.com\/independiente\/wp-json\/wp\/v2\/categories?post=2119"},{"taxonomy":"post_tag","embeddable":true,"href":"https:\/\/www.locoxelrojo.com\/independiente\/wp-json\/wp\/v2\/tags?post=2119"}],"curies":[{"name":"wp","href":"https:\/\/api.w.org\/{rel}","templated":true}]}}