{"id":2127,"date":"2010-10-18T16:10:05","date_gmt":"2010-10-18T18:10:05","guid":{"rendered":"http:\/\/www.locoxelrojo.com.ar\/independiente\/?p=2127"},"modified":"2015-09-09T04:33:28","modified_gmt":"2015-09-09T07:33:28","slug":"los-concentrados-para-la-revancha-copera","status":"publish","type":"post","link":"https:\/\/www.locoxelrojo.com\/independiente\/2010\/10\/18\/los-concentrados-para-la-revancha-copera\/","title":{"rendered":"Concentrados vs. Defensor Sporting: afuera Gabbarini"},"content":{"rendered":"<p><a href=\"http:\/\/www.locoxelrojo.com.ar\/independiente\/wp-content\/uploads\/2010\/10\/concentradoscopa.jpg\"><img loading=\"lazy\" class=\"alignnone size-full wp-image-2128\" title=\"concentradoscopa\" src=\"http:\/\/www.locoxelrojo.com.ar\/independiente\/wp-content\/uploads\/2010\/10\/concentradoscopa.jpg\" alt=\"\" width=\"550\" height=\"315\" srcset=\"https:\/\/locoxelrojo.com\/independiente\/wp-content\/uploads\/2010\/10\/concentradoscopa.jpg 550w, https:\/\/locoxelrojo.com\/independiente\/wp-content\/uploads\/2010\/10\/concentradoscopa-300x171.jpg 300w\" sizes=\"(max-width: 550px) 100vw, 550px\" \/><\/a><\/p>\n<p>Antonio Mohamed entreg\u00f3 la n\u00f3mina de jugadores concentrados que luego del entrenamiento matutino de hoy a puertas cerradas qued\u00f3 guardado esperando el trascendental choque frente a Defensor Sporting.<\/p>\n<p>La novedad pasa por la no inclusi\u00f3n de Adri\u00e1n Gabbarini debido al fuerte golpe que recibi\u00f3 en el partido frente a All Boys. Esto le permiti\u00f3 a Fabi\u00e1n Assmann tener un lugar en la lista y poder sentarse en el banco de los suplentes.<\/p>\n<p>En la lista tambi\u00e9n se encuentra Carlos Matheu. Hay que ver si el Turco decide finalmente si Carlitos se va a sentar junto a \u00e9l en el banco o decidi\u00f3 concentrarlo por lo importante que es Matheu dentro del plantel.<\/p>\n<p><strong>Los concentrados:<\/strong><\/p>\n<p><strong>Arqueros:<\/strong> Hilario Navarro y Walter Fabi\u00e1n Assmann<\/p>\n<p><strong>Defensores:<\/strong> Carlos Matheu, Eduardo Tuzzio, Juli\u00e1n Vel\u00e1zquez, Maximiliano Vel\u00e1zquez, Lucas Mareque, Gabriel Vall\u00e9s, Leonel Galeano y Javier B\u00e1ez<\/p>\n<p><strong>Mediocampistas:<\/strong> Cristian Pellerano, Fernando Godoy, Nicol\u00e1s Mart\u00ednez, Leandro Graci\u00e1n, Federico Mancuello, Hern\u00e1n Fredes, Nicol\u00e1s Cabrera y Patricio Rodr\u00edguez.<\/p>\n<p><strong>Delanteros:<\/strong> Andr\u00e9s Silvera, Facundo Parra, Mart\u00edn G\u00f3mez y Germ\u00e1n Pacheco.<\/p>\n","protected":false},"excerpt":{"rendered":"<p>Antonio Mohamed entreg\u00f3 la n\u00f3mina de jugadores concentrados que luego del entrenamiento matutino de hoy a puertas cerradas qued\u00f3 guardado esperando el trascendental choque frente a Defensor Sporting. La novedad pasa por la no inclusi\u00f3n de Adri\u00e1n Gabbarini debido al fuerte golpe que recibi\u00f3 en el partido frente a All Boys. Esto le permiti\u00f3 a [&hellip;]<\/p>\n","protected":false},"author":1,"featured_media":0,"comment_status":"open","ping_status":"open","sticky":false,"template":"","format":"standard","meta":{"_links_to":"","_links_to_target":""},"categories":[7,3,1],"tags":[153,3019,347],"_links":{"self":[{"href":"https:\/\/www.locoxelrojo.com\/independiente\/wp-json\/wp\/v2\/posts\/2127"}],"collection":[{"href":"https:\/\/www.locoxelrojo.com\/independiente\/wp-json\/wp\/v2\/posts"}],"about":[{"href":"https:\/\/www.locoxelrojo.com\/independiente\/wp-json\/wp\/v2\/types\/post"}],"author":[{"embeddable":true,"href":"https:\/\/www.locoxelrojo.com\/independiente\/wp-json\/wp\/v2\/users\/1"}],"replies":[{"embeddable":true,"href":"https:\/\/www.locoxelrojo.com\/independiente\/wp-json\/wp\/v2\/comments?post=2127"}],"version-history":[{"count":0,"href":"https:\/\/www.locoxelrojo.com\/independiente\/wp-json\/wp\/v2\/posts\/2127\/revisions"}],"wp:attachment":[{"href":"https:\/\/www.locoxelrojo.com\/independiente\/wp-json\/wp\/v2\/media?parent=2127"}],"wp:term":[{"taxonomy":"category","embeddable":true,"href":"https:\/\/www.locoxelrojo.com\/independiente\/wp-json\/wp\/v2\/categories?post=2127"},{"taxonomy":"post_tag","embeddable":true,"href":"https:\/\/www.locoxelrojo.com\/independiente\/wp-json\/wp\/v2\/tags?post=2127"}],"curies":[{"name":"wp","href":"https:\/\/api.w.org\/{rel}","templated":true}]}}