{"id":2131,"date":"2010-10-18T16:20:10","date_gmt":"2010-10-18T18:20:10","guid":{"rendered":"http:\/\/www.locoxelrojo.com.ar\/independiente\/?p=2131"},"modified":"2010-10-18T16:20:10","modified_gmt":"2010-10-18T18:20:10","slug":"ya-estan-los-11","status":"publish","type":"post","link":"https:\/\/www.locoxelrojo.com\/independiente\/2010\/10\/18\/ya-estan-los-11\/","title":{"rendered":"Ya est\u00e1n los 11 para enfrentar a Defensor"},"content":{"rendered":"<p><a href=\"http:\/\/www.locoxelrojo.com.ar\/independiente\/wp-content\/uploads\/2010\/10\/ent02.jpg\"><img loading=\"lazy\" class=\"alignnone size-full wp-image-2132\" title=\"ent02\" src=\"http:\/\/www.locoxelrojo.com.ar\/independiente\/wp-content\/uploads\/2010\/10\/ent02.jpg\" alt=\"\" width=\"550\" height=\"315\" srcset=\"https:\/\/locoxelrojo.com\/independiente\/wp-content\/uploads\/2010\/10\/ent02.jpg 550w, https:\/\/locoxelrojo.com\/independiente\/wp-content\/uploads\/2010\/10\/ent02-300x171.jpg 300w\" sizes=\"(max-width: 550px) 100vw, 550px\" \/><\/a><\/p>\n<p>Ma\u00f1ana martes se juega el partido m\u00e1s importante de los \u00faltimos 5 a\u00f1os del Club. El pase a una nueva instancia de Copa Sudamericana es la prioridad en este Independiente que en el torneo local no da pie con bola.<\/p>\n<p>Mohamed ya tiene el equipo en la cabeza y por eso en el entrenamiento de hoy lo paro en cancha. A pesar de la mala experiencia en Floresta con la l\u00ednea de 3, el Turco va a seguir insistiendo en imponer su esquema con diferentes nombres.<\/p>\n<p><strong>En los ejercicios t\u00e1cticos y en los trabajos con pelota parada el equipo que estuvo en cancha fue con Hilario Navarro; J. Vel\u00e1zquez, Tuzzio, Galeano; Cabrera, Godoy, Fredes, Mareque; Pato Rodr\u00edguez; Parra y Silvera.<\/strong><\/p>\n<p>Esos van a ser los titulares y los que se van a jugar el pase a la siguiente etapa de la Copa  Sudamericana.<\/p>\n<p>En cuanto a los que terminaron golpeados en el partido frente a All Boys, <strong>Gabbarini qued\u00f3 descartado para este partido. Qued\u00f3 afuera de la lista de concentrados, los estudios salieron todos bien y el jugador estuvo observando el entrenamiento. Su lugar en el banco lo ocupar\u00e1 Fabi\u00e1n Assmann.<\/strong><\/p>\n<p>Otro de los golpeados es <strong>Fernando Godoy, tiene una tendinitis en el anterior derecho, pero no le impedir\u00e1 jugar la revancha con los uruguayos y se infiltrar\u00e1.<\/strong><\/p>\n","protected":false},"excerpt":{"rendered":"<p>Ma\u00f1ana martes se juega el partido m\u00e1s importante de los \u00faltimos 5 a\u00f1os del Club. El pase a una nueva instancia de Copa Sudamericana es la prioridad en este Independiente que en el torneo local no da pie con bola. Mohamed ya tiene el equipo en la cabeza y por eso en el entrenamiento de [&hellip;]<\/p>\n","protected":false},"author":1,"featured_media":0,"comment_status":"open","ping_status":"open","sticky":false,"template":"","format":"standard","meta":{"_links_to":"","_links_to_target":""},"categories":[7,3,1],"tags":[77,115,3266,29],"_links":{"self":[{"href":"https:\/\/www.locoxelrojo.com\/independiente\/wp-json\/wp\/v2\/posts\/2131"}],"collection":[{"href":"https:\/\/www.locoxelrojo.com\/independiente\/wp-json\/wp\/v2\/posts"}],"about":[{"href":"https:\/\/www.locoxelrojo.com\/independiente\/wp-json\/wp\/v2\/types\/post"}],"author":[{"embeddable":true,"href":"https:\/\/www.locoxelrojo.com\/independiente\/wp-json\/wp\/v2\/users\/1"}],"replies":[{"embeddable":true,"href":"https:\/\/www.locoxelrojo.com\/independiente\/wp-json\/wp\/v2\/comments?post=2131"}],"version-history":[{"count":0,"href":"https:\/\/www.locoxelrojo.com\/independiente\/wp-json\/wp\/v2\/posts\/2131\/revisions"}],"wp:attachment":[{"href":"https:\/\/www.locoxelrojo.com\/independiente\/wp-json\/wp\/v2\/media?parent=2131"}],"wp:term":[{"taxonomy":"category","embeddable":true,"href":"https:\/\/www.locoxelrojo.com\/independiente\/wp-json\/wp\/v2\/categories?post=2131"},{"taxonomy":"post_tag","embeddable":true,"href":"https:\/\/www.locoxelrojo.com\/independiente\/wp-json\/wp\/v2\/tags?post=2131"}],"curies":[{"name":"wp","href":"https:\/\/api.w.org\/{rel}","templated":true}]}}