{"id":21317,"date":"2012-08-26T15:47:24","date_gmt":"2012-08-26T18:47:24","guid":{"rendered":"http:\/\/www.locoxelrojo.com.ar\/independiente\/?p=21317"},"modified":"2012-08-26T15:47:24","modified_gmt":"2012-08-26T18:47:24","slug":"cantero-gallego-esta-de-acuerdo-y-contento","status":"publish","type":"post","link":"https:\/\/www.locoxelrojo.com\/independiente\/2012\/08\/26\/cantero-gallego-esta-de-acuerdo-y-contento\/","title":{"rendered":"Cantero: &#8220;Gallego est\u00e1 de acuerdo y contento&#8221;"},"content":{"rendered":"<p><a href=\"http:\/\/www.locoxelrojo.com.ar\/independiente\/wp-content\/uploads\/2012\/08\/Americo_Ruben_Gallego.jpg\"><img loading=\"lazy\" class=\"alignnone size-full wp-image-21318\" title=\"Americo_Ruben_Gallego\" src=\"http:\/\/www.locoxelrojo.com.ar\/independiente\/wp-content\/uploads\/2012\/08\/Americo_Ruben_Gallego.jpg\" alt=\"\" width=\"590\" height=\"315\" srcset=\"https:\/\/locoxelrojo.com\/independiente\/wp-content\/uploads\/2012\/08\/Americo_Ruben_Gallego.jpg 590w, https:\/\/locoxelrojo.com\/independiente\/wp-content\/uploads\/2012\/08\/Americo_Ruben_Gallego-300x160.jpg 300w\" sizes=\"(max-width: 590px) 100vw, 590px\" \/><\/a><\/p>\n<p><strong>Javier Cantero<\/strong> se mostr\u00f3 confiado de cara a la contrataci\u00f3n de Am\u00e9rico Rub\u00e9n Gallego. <strong>&#8220;El tema econ\u00f3mico no creo que sea un impedimento. Habl\u00e9 con \u00e9l, est\u00e1 de acuerdo y contento de que lo contactemos&#8221;<\/strong>, asegur\u00f3 el Presidente de Independiente en di\u00e1logo con Espn Radio Rivadavia.<\/p>\n<p>&#8220;<strong>Gallego es la persona para dirigir a Independiente y \u00e9l quiere hacerlo. Est\u00e1 muy agradecido y le gusta el plantel<\/strong>&#8220;, agreg\u00f3 el dirigente quien tambi\u00e9n confirm\u00f3 que<strong> &#8220;no hay otro nombre&#8221;.<\/strong> Consultado sobre sus virtudes, Cantero explay\u00f3: &#8220;<strong>Es muy trabajador y dice que va a tener un buen plantel. Ahora hay que encarar el desaf\u00edo que tenemos: el promedio&#8221;.<\/strong><\/p>\n<p>Por \u00faltimo aclar\u00f3 que la decisi\u00f3n se tom\u00f3 en Comisi\u00f3n Directiva, a pesar de que hubo varios vocales, representantes de socios y empleados del club que se mostraron disconformes con el Tolo argumentando motivos econ\u00f3micos. &#8220;<strong>La decisi\u00f3n la tomamos en Comisi\u00f3n Directiva y con los referentes hablamos permanentemente&#8221;<\/strong>, concluy\u00f3.<\/p>\n","protected":false},"excerpt":{"rendered":"<p>Javier Cantero se mostr\u00f3 confiado de cara a la contrataci\u00f3n de Am\u00e9rico Rub\u00e9n Gallego. &#8220;El tema econ\u00f3mico no creo que sea un impedimento. Habl\u00e9 con \u00e9l, est\u00e1 de acuerdo y contento de que lo contactemos&#8221;, asegur\u00f3 el Presidente de Independiente en di\u00e1logo con Espn Radio Rivadavia. &#8220;Gallego es la persona para dirigir a Independiente y [&hellip;]<\/p>\n","protected":false},"author":1,"featured_media":0,"comment_status":"open","ping_status":"open","sticky":false,"template":"","format":"standard","meta":{"_links_to":"","_links_to_target":""},"categories":[3,1],"tags":[634,1208,723,1618],"_links":{"self":[{"href":"https:\/\/www.locoxelrojo.com\/independiente\/wp-json\/wp\/v2\/posts\/21317"}],"collection":[{"href":"https:\/\/www.locoxelrojo.com\/independiente\/wp-json\/wp\/v2\/posts"}],"about":[{"href":"https:\/\/www.locoxelrojo.com\/independiente\/wp-json\/wp\/v2\/types\/post"}],"author":[{"embeddable":true,"href":"https:\/\/www.locoxelrojo.com\/independiente\/wp-json\/wp\/v2\/users\/1"}],"replies":[{"embeddable":true,"href":"https:\/\/www.locoxelrojo.com\/independiente\/wp-json\/wp\/v2\/comments?post=21317"}],"version-history":[{"count":0,"href":"https:\/\/www.locoxelrojo.com\/independiente\/wp-json\/wp\/v2\/posts\/21317\/revisions"}],"wp:attachment":[{"href":"https:\/\/www.locoxelrojo.com\/independiente\/wp-json\/wp\/v2\/media?parent=21317"}],"wp:term":[{"taxonomy":"category","embeddable":true,"href":"https:\/\/www.locoxelrojo.com\/independiente\/wp-json\/wp\/v2\/categories?post=21317"},{"taxonomy":"post_tag","embeddable":true,"href":"https:\/\/www.locoxelrojo.com\/independiente\/wp-json\/wp\/v2\/tags?post=21317"}],"curies":[{"name":"wp","href":"https:\/\/api.w.org\/{rel}","templated":true}]}}