{"id":2134,"date":"2010-10-18T18:20:44","date_gmt":"2010-10-18T20:20:44","guid":{"rendered":"http:\/\/www.locoxelrojo.com.ar\/independiente\/?p=2134"},"modified":"2010-10-18T18:20:44","modified_gmt":"2010-10-18T20:20:44","slug":"renuncio-manuel-magan-coordinador-general-de-las-inferiores","status":"publish","type":"post","link":"https:\/\/www.locoxelrojo.com\/independiente\/2010\/10\/18\/renuncio-manuel-magan-coordinador-general-de-las-inferiores\/","title":{"rendered":"Renunci\u00f3 Manuel Mag\u00e1n, Coordinador General de las Inferiores"},"content":{"rendered":"<p><a href=\"http:\/\/www.locoxelrojo.com.ar\/independiente\/wp-content\/uploads\/2010\/10\/maganrenuncia.jpg\"><img loading=\"lazy\" class=\"alignnone size-full wp-image-2135\" title=\"maganrenuncia\" src=\"http:\/\/www.locoxelrojo.com.ar\/independiente\/wp-content\/uploads\/2010\/10\/maganrenuncia.jpg\" alt=\"\" width=\"550\" height=\"315\" srcset=\"https:\/\/locoxelrojo.com\/independiente\/wp-content\/uploads\/2010\/10\/maganrenuncia.jpg 550w, https:\/\/locoxelrojo.com\/independiente\/wp-content\/uploads\/2010\/10\/maganrenuncia-300x171.jpg 300w\" sizes=\"(max-width: 550px) 100vw, 550px\" \/><\/a><\/p>\n<p>Seg\u00fan inform\u00f3 <strong>Diego Arvilly de Fox Sports Radio Del Plata, Manuel Mag\u00e1n present\u00f3 su renuncia como Coordinador de las Inferiores del Club Atl\u00e9tico Independiente. La informaci\u00f3n surgi\u00f3 del Periodista Jonhatan Wiktor y Diego se encarg\u00f3 de difundirla a trav\u00e9s de la Red Social Twitter.<\/strong><\/p>\n<p>Tanto Mag\u00e1n como Juan Cruz Anselmi trabajar\u00e1n hasta fin de a\u00f1o. Seg\u00fan pudo dialogar el medio partidario <strong>De la cuna al infierno<\/strong> con el propio Mag\u00e1n, lo que hizo fue poner una fecha de finalizaci\u00f3n a su trabajo. Si bien tiene contrato hasta el 30 de diciembre, el 10 finaliza el Torneo de Inferiores y ese ser\u00e1 el \u00faltimo d\u00eda de trabajo en el Club.<\/p>\n<p><strong>La renuncia es irrevocable y se va porque cree que fueron 5 a\u00f1os de trabajo muy buenos en donde se cumplieron todos los objetivos.<\/strong> Pidi\u00f3 una reuni\u00f3n con el Presidente Julio Comparada para conversar sobre su salida y en su lugar armar\u00edan un equipo de trabajo con Enrique Borrelli, el \u201cChivo\u201d Pavoni y \u201cPep\u00e9\u201d Santoro.<\/p>\n","protected":false},"excerpt":{"rendered":"<p>Seg\u00fan inform\u00f3 Diego Arvilly de Fox Sports Radio Del Plata, Manuel Mag\u00e1n present\u00f3 su renuncia como Coordinador de las Inferiores del Club Atl\u00e9tico Independiente. La informaci\u00f3n surgi\u00f3 del Periodista Jonhatan Wiktor y Diego se encarg\u00f3 de difundirla a trav\u00e9s de la Red Social Twitter. Tanto Mag\u00e1n como Juan Cruz Anselmi trabajar\u00e1n hasta fin de a\u00f1o. [&hellip;]<\/p>\n","protected":false},"author":1,"featured_media":0,"comment_status":"open","ping_status":"open","sticky":false,"template":"","format":"standard","meta":{"_links_to":"","_links_to_target":""},"categories":[5,1],"tags":[102],"_links":{"self":[{"href":"https:\/\/www.locoxelrojo.com\/independiente\/wp-json\/wp\/v2\/posts\/2134"}],"collection":[{"href":"https:\/\/www.locoxelrojo.com\/independiente\/wp-json\/wp\/v2\/posts"}],"about":[{"href":"https:\/\/www.locoxelrojo.com\/independiente\/wp-json\/wp\/v2\/types\/post"}],"author":[{"embeddable":true,"href":"https:\/\/www.locoxelrojo.com\/independiente\/wp-json\/wp\/v2\/users\/1"}],"replies":[{"embeddable":true,"href":"https:\/\/www.locoxelrojo.com\/independiente\/wp-json\/wp\/v2\/comments?post=2134"}],"version-history":[{"count":0,"href":"https:\/\/www.locoxelrojo.com\/independiente\/wp-json\/wp\/v2\/posts\/2134\/revisions"}],"wp:attachment":[{"href":"https:\/\/www.locoxelrojo.com\/independiente\/wp-json\/wp\/v2\/media?parent=2134"}],"wp:term":[{"taxonomy":"category","embeddable":true,"href":"https:\/\/www.locoxelrojo.com\/independiente\/wp-json\/wp\/v2\/categories?post=2134"},{"taxonomy":"post_tag","embeddable":true,"href":"https:\/\/www.locoxelrojo.com\/independiente\/wp-json\/wp\/v2\/tags?post=2134"}],"curies":[{"name":"wp","href":"https:\/\/api.w.org\/{rel}","templated":true}]}}