{"id":21405,"date":"2012-08-29T21:47:01","date_gmt":"2012-08-30T00:47:01","guid":{"rendered":"http:\/\/www.locoxelrojo.com.ar\/independiente\/?p=21405"},"modified":"2015-09-25T22:36:03","modified_gmt":"2015-09-26T01:36:03","slug":"ficha-del-partido-vs-boca-5","status":"publish","type":"post","link":"https:\/\/www.locoxelrojo.com\/independiente\/2012\/08\/29\/ficha-del-partido-vs-boca-5\/","title":{"rendered":"Ficha del partido vs. Boca"},"content":{"rendered":"<p><a href=\"http:\/\/www.locoxelrojo.com.ar\/independiente\/wp-content\/uploads\/2012\/08\/ficha-cai-boca-sud2012.jpg\"><img loading=\"lazy\" class=\"alignnone size-full wp-image-21409\" title=\"ficha-cai-boca-sud2012\" src=\"http:\/\/www.locoxelrojo.com.ar\/independiente\/wp-content\/uploads\/2012\/08\/ficha-cai-boca-sud2012.jpg\" alt=\"\" width=\"590\" height=\"315\" srcset=\"https:\/\/locoxelrojo.com\/independiente\/wp-content\/uploads\/2012\/08\/ficha-cai-boca-sud2012.jpg 590w, https:\/\/locoxelrojo.com\/independiente\/wp-content\/uploads\/2012\/08\/ficha-cai-boca-sud2012-300x160.jpg 300w\" sizes=\"(max-width: 590px) 100vw, 590px\" \/><\/a><\/p>\n<p><strong>Independiente (0):<\/strong> Hilario Navarro; Gabriel Vall\u00e9s, Cristian Tula, Eduardo Tuzzio, Claudio Morel Rodr\u00edguez; Jonathan Santana, Fabi\u00e1n Vargas, Osmar Ferreyra; Paulo Rosales; Patricio Vidal y Ernesto Far\u00edas. DT:\u00a0Enrique Borrelli.<\/p>\n<p><strong>Boca (0):<\/strong> Oscar Ustari; Emiliano Alb\u00edn, Cristian Cellay, Guillermo Burdisso, Clemente Rodr\u00edguez; Pablo Ledesma, Leandro Somoza, Juan S\u00e1nchez Mi\u00f1o; Cristian Ch\u00e1vez; Santiago Silva y Lucas Viatri. DT:\u00a0Julio Falcioni.<\/p>\n<p><strong>Goles:<\/strong> No hubo.<\/p>\n<p><strong>Cambios:<\/strong>\u00a00&#8242; ST\u00a0Lautaro Acosta por Ch\u00e1vez (B), 6&#8242; Leonel Galeano por Rosales (I), 18&#8242; Leandro Paredes por Ledesma (B), 23&#8242; Roberto Batti\u00f3n por Vargas (I), 39&#8242; Hern\u00e1n Fredes por Santana (I).<\/p>\n<p><strong>Amonestados:<\/strong>\u00a024&#8242; PT Tuzzio (I), 13&#8242; ST S\u00e1nchez Mi\u00f1o (B), 15&#8242; ST Tula (I), 31&#8242; ST Ferreyra (I), 37&#8242; Navarro (I), 38&#8242; C. Rodr\u00edguez (B) y 44&#8242; ST Vall\u00e9s (I).<\/p>\n<p><strong>Expulsados:<\/strong> 1&#8242; ST Eduardo Tuzzio (I) por doble amarilla.<\/p>\n<p><strong>\u00c1rbitro:<\/strong>\u00a0N\u00e9stor Pitana.<\/p>\n<p><strong>Estadio:<\/strong>\u00a0Libertadores de Am\u00e9rica.<\/p>\n","protected":false},"excerpt":{"rendered":"<p>Independiente (0): Hilario Navarro; Gabriel Vall\u00e9s, Cristian Tula, Eduardo Tuzzio, Claudio Morel Rodr\u00edguez; Jonathan Santana, Fabi\u00e1n Vargas, Osmar Ferreyra; Paulo Rosales; Patricio Vidal y Ernesto Far\u00edas. DT:\u00a0Enrique Borrelli. Boca (0): Oscar Ustari; Emiliano Alb\u00edn, Cristian Cellay, Guillermo Burdisso, Clemente Rodr\u00edguez; Pablo Ledesma, Leandro Somoza, Juan S\u00e1nchez Mi\u00f1o; Cristian Ch\u00e1vez; Santiago Silva y Lucas Viatri. DT:\u00a0Julio [&hellip;]<\/p>\n","protected":false},"author":11,"featured_media":0,"comment_status":"open","ping_status":"open","sticky":false,"template":"","format":"standard","meta":{"_links_to":"","_links_to_target":""},"categories":[7,1988,3,1],"tags":[2820,153,1604,295,1749],"_links":{"self":[{"href":"https:\/\/www.locoxelrojo.com\/independiente\/wp-json\/wp\/v2\/posts\/21405"}],"collection":[{"href":"https:\/\/www.locoxelrojo.com\/independiente\/wp-json\/wp\/v2\/posts"}],"about":[{"href":"https:\/\/www.locoxelrojo.com\/independiente\/wp-json\/wp\/v2\/types\/post"}],"author":[{"embeddable":true,"href":"https:\/\/www.locoxelrojo.com\/independiente\/wp-json\/wp\/v2\/users\/11"}],"replies":[{"embeddable":true,"href":"https:\/\/www.locoxelrojo.com\/independiente\/wp-json\/wp\/v2\/comments?post=21405"}],"version-history":[{"count":0,"href":"https:\/\/www.locoxelrojo.com\/independiente\/wp-json\/wp\/v2\/posts\/21405\/revisions"}],"wp:attachment":[{"href":"https:\/\/www.locoxelrojo.com\/independiente\/wp-json\/wp\/v2\/media?parent=21405"}],"wp:term":[{"taxonomy":"category","embeddable":true,"href":"https:\/\/www.locoxelrojo.com\/independiente\/wp-json\/wp\/v2\/categories?post=21405"},{"taxonomy":"post_tag","embeddable":true,"href":"https:\/\/www.locoxelrojo.com\/independiente\/wp-json\/wp\/v2\/tags?post=21405"}],"curies":[{"name":"wp","href":"https:\/\/api.w.org\/{rel}","templated":true}]}}