{"id":21411,"date":"2012-08-29T19:51:26","date_gmt":"2012-08-29T22:51:26","guid":{"rendered":"http:\/\/www.locoxelrojo.com.ar\/independiente\/?p=21411"},"modified":"2012-08-30T00:05:58","modified_gmt":"2012-08-30T03:05:58","slug":"americo-ruben-gallego-firmo-su-contrato","status":"publish","type":"post","link":"https:\/\/www.locoxelrojo.com\/independiente\/2012\/08\/29\/americo-ruben-gallego-firmo-su-contrato\/","title":{"rendered":"Am\u00e9rico Rub\u00e9n Gallego firm\u00f3 su contrato"},"content":{"rendered":"<p><a href=\"http:\/\/www.locoxelrojo.com.ar\/independiente\/wp-content\/uploads\/2012\/08\/tolo-cantero.jpg\"><img loading=\"lazy\" class=\"alignnone size-full wp-image-21412\" title=\"tolo-cantero\" src=\"http:\/\/www.locoxelrojo.com.ar\/independiente\/wp-content\/uploads\/2012\/08\/tolo-cantero.jpg\" alt=\"\" width=\"590\" height=\"315\" srcset=\"https:\/\/locoxelrojo.com\/independiente\/wp-content\/uploads\/2012\/08\/tolo-cantero.jpg 590w, https:\/\/locoxelrojo.com\/independiente\/wp-content\/uploads\/2012\/08\/tolo-cantero-300x160.jpg 300w\" sizes=\"(max-width: 590px) 100vw, 590px\" \/><\/a><\/p>\n<p>Esta tarde Am\u00e9rico Rub\u00e9n Gallego se convirti\u00f3 oficialmente en el Director T\u00e9cnico del Club Atl\u00e9tico Independiente. Un rato antes del encuentro paso por la Sede Social, estamp\u00f3 su firma y luego se dirigi\u00f3 al estadio Libertadores de Am\u00e9rica a observar el Cl\u00e1sico Copero frente a Boca Juniors.<\/p>\n<p><strong>El Tolo firm\u00f3 su contrato pasadas las 17:00 en la Sede Social de Avellaneda, en compa\u00f1\u00eda de su cuerpo t\u00e9cnico. En representaci\u00f3n de Independiente estuvieron: Javier Cantero, Claudio Keblaitis, Dar\u00edo Eichenblat, Mario Fuentes, Pedro Larralde e integrantes de la Subcomisi\u00f3n de F\u00fatbol.<\/strong><\/p>\n<p><strong>Gallego firm\u00f3 hasta junio de 2013. Ma\u00f1ana dirige la primera pr\u00e1ctica en Villa Dom\u00ednico a partir de las 15 hs, y ser\u00e1 presentado a la prensa al t\u00e9rmino del mismo.<\/strong> El domingo ante Godoy Cruz, ser\u00e1 su debut como DT en su <a href=\"http:\/\/www.locoxelrojo.com.ar\/independiente\/2012\/08\/28\/libertadores-de-americo\/\">tercer ciclo<\/a> al frente del Rojo. \u00a1Bienvenido Tolo!<\/p>\n","protected":false},"excerpt":{"rendered":"<p>Esta tarde Am\u00e9rico Rub\u00e9n Gallego se convirti\u00f3 oficialmente en el Director T\u00e9cnico del Club Atl\u00e9tico Independiente. Un rato antes del encuentro paso por la Sede Social, estamp\u00f3 su firma y luego se dirigi\u00f3 al estadio Libertadores de Am\u00e9rica a observar el Cl\u00e1sico Copero frente a Boca Juniors. El Tolo firm\u00f3 su contrato pasadas las 17:00 [&hellip;]<\/p>\n","protected":false},"author":1,"featured_media":0,"comment_status":"open","ping_status":"open","sticky":false,"template":"","format":"standard","meta":{"_links_to":"","_links_to_target":""},"categories":[3,4,1],"tags":[634,1081,153,1178,723,1166,1177,35],"_links":{"self":[{"href":"https:\/\/www.locoxelrojo.com\/independiente\/wp-json\/wp\/v2\/posts\/21411"}],"collection":[{"href":"https:\/\/www.locoxelrojo.com\/independiente\/wp-json\/wp\/v2\/posts"}],"about":[{"href":"https:\/\/www.locoxelrojo.com\/independiente\/wp-json\/wp\/v2\/types\/post"}],"author":[{"embeddable":true,"href":"https:\/\/www.locoxelrojo.com\/independiente\/wp-json\/wp\/v2\/users\/1"}],"replies":[{"embeddable":true,"href":"https:\/\/www.locoxelrojo.com\/independiente\/wp-json\/wp\/v2\/comments?post=21411"}],"version-history":[{"count":0,"href":"https:\/\/www.locoxelrojo.com\/independiente\/wp-json\/wp\/v2\/posts\/21411\/revisions"}],"wp:attachment":[{"href":"https:\/\/www.locoxelrojo.com\/independiente\/wp-json\/wp\/v2\/media?parent=21411"}],"wp:term":[{"taxonomy":"category","embeddable":true,"href":"https:\/\/www.locoxelrojo.com\/independiente\/wp-json\/wp\/v2\/categories?post=21411"},{"taxonomy":"post_tag","embeddable":true,"href":"https:\/\/www.locoxelrojo.com\/independiente\/wp-json\/wp\/v2\/tags?post=21411"}],"curies":[{"name":"wp","href":"https:\/\/api.w.org\/{rel}","templated":true}]}}