{"id":21414,"date":"2012-08-29T21:50:34","date_gmt":"2012-08-30T00:50:34","guid":{"rendered":"http:\/\/www.locoxelrojo.com.ar\/independiente\/?p=21414"},"modified":"2012-08-30T00:25:17","modified_gmt":"2012-08-30T03:25:17","slug":"plaqueta-para-ustari","status":"publish","type":"post","link":"https:\/\/www.locoxelrojo.com\/independiente\/2012\/08\/29\/plaqueta-para-ustari\/","title":{"rendered":"Plaqueta para Ustari"},"content":{"rendered":"<p><a href=\"http:\/\/www.locoxelrojo.com.ar\/independiente\/wp-content\/uploads\/2012\/08\/keblaitis-ustari.jpg\"><img loading=\"lazy\" class=\"alignnone size-full wp-image-21415\" title=\"keblaitis-ustari\" src=\"http:\/\/www.locoxelrojo.com.ar\/independiente\/wp-content\/uploads\/2012\/08\/keblaitis-ustari.jpg\" alt=\"\" width=\"590\" height=\"315\" srcset=\"https:\/\/locoxelrojo.com\/independiente\/wp-content\/uploads\/2012\/08\/keblaitis-ustari.jpg 590w, https:\/\/locoxelrojo.com\/independiente\/wp-content\/uploads\/2012\/08\/keblaitis-ustari-300x160.jpg 300w\" sizes=\"(max-width: 590px) 100vw, 590px\" \/><\/a><\/p>\n<p><strong>Oscar Ustari volvi\u00f3 al Libertadores de Am\u00e9rica, pero esta vez visitiendo los colores de Boca Juniors.<\/strong> El partido de Ida se lo perdi\u00f3 por una lesi\u00f3n y en la previa de la revancha, era una inc\u00f3gnita como lo iba a recibir el p\u00fablico de Independiente.<\/p>\n<p>A varios hinchas, todav\u00eda les dura la bronca por su pase al Xeneize, pero Osky define al Rojo como su &#8220;casa&#8221; y en la noche tuvo varios mimos. <strong>En el calentamiento previo, el arquero fue ovacionado y la dirigencia de Independiente le entreg\u00f3 una plaqueta en reconocimiento por su paso en el club.<\/strong><\/p>\n<p><strong>Al llegar al arco que da a la Tribuna Norte Baja, recibi\u00f3 la ovaci\u00f3n y el aplauso de todos los hinchas. Lo mismo ocurri\u00f3 en el segundo tiempo cuando ocup\u00f3 la porter\u00eda que da a la Tribuna Sur Baja.<\/strong><\/p>\n<p>La mala para Ustari fue el resultado del partido, ya que con el empate 0 a 0, quien se qued\u00f3 con la clasificaci\u00f3n fue Independiente. Al t\u00e9rmino del encuentro se fue sin dar declaraciones.<\/p>\n","protected":false},"excerpt":{"rendered":"<p>Oscar Ustari volvi\u00f3 al Libertadores de Am\u00e9rica, pero esta vez visitiendo los colores de Boca Juniors. El partido de Ida se lo perdi\u00f3 por una lesi\u00f3n y en la previa de la revancha, era una inc\u00f3gnita como lo iba a recibir el p\u00fablico de Independiente. A varios hinchas, todav\u00eda les dura la bronca por su [&hellip;]<\/p>\n","protected":false},"author":1,"featured_media":0,"comment_status":"open","ping_status":"open","sticky":false,"template":"","format":"standard","meta":{"_links_to":"","_links_to_target":""},"categories":[7,3,1],"tags":[193,153,384],"_links":{"self":[{"href":"https:\/\/www.locoxelrojo.com\/independiente\/wp-json\/wp\/v2\/posts\/21414"}],"collection":[{"href":"https:\/\/www.locoxelrojo.com\/independiente\/wp-json\/wp\/v2\/posts"}],"about":[{"href":"https:\/\/www.locoxelrojo.com\/independiente\/wp-json\/wp\/v2\/types\/post"}],"author":[{"embeddable":true,"href":"https:\/\/www.locoxelrojo.com\/independiente\/wp-json\/wp\/v2\/users\/1"}],"replies":[{"embeddable":true,"href":"https:\/\/www.locoxelrojo.com\/independiente\/wp-json\/wp\/v2\/comments?post=21414"}],"version-history":[{"count":0,"href":"https:\/\/www.locoxelrojo.com\/independiente\/wp-json\/wp\/v2\/posts\/21414\/revisions"}],"wp:attachment":[{"href":"https:\/\/www.locoxelrojo.com\/independiente\/wp-json\/wp\/v2\/media?parent=21414"}],"wp:term":[{"taxonomy":"category","embeddable":true,"href":"https:\/\/www.locoxelrojo.com\/independiente\/wp-json\/wp\/v2\/categories?post=21414"},{"taxonomy":"post_tag","embeddable":true,"href":"https:\/\/www.locoxelrojo.com\/independiente\/wp-json\/wp\/v2\/tags?post=21414"}],"curies":[{"name":"wp","href":"https:\/\/api.w.org\/{rel}","templated":true}]}}