{"id":21483,"date":"2012-08-31T15:24:05","date_gmt":"2012-08-31T18:24:05","guid":{"rendered":"http:\/\/www.locoxelrojo.com.ar\/independiente\/?p=21483"},"modified":"2015-09-25T22:37:52","modified_gmt":"2015-09-26T01:37:52","slug":"los-concentrados-para-el-debut-del-tolo","status":"publish","type":"post","link":"https:\/\/www.locoxelrojo.com\/independiente\/2012\/08\/31\/los-concentrados-para-el-debut-del-tolo\/","title":{"rendered":"Concentrados vs. Godoy Cruz"},"content":{"rendered":"<p><a href=\"http:\/\/www.locoxelrojo.com.ar\/independiente\/wp-content\/uploads\/2012\/08\/concentrados-tolo.jpg\"><img loading=\"lazy\" class=\"alignnone size-full wp-image-21484\" title=\"concentrados-tolo\" src=\"http:\/\/www.locoxelrojo.com.ar\/independiente\/wp-content\/uploads\/2012\/08\/concentrados-tolo.jpg\" alt=\"\" width=\"590\" height=\"315\" srcset=\"https:\/\/locoxelrojo.com\/independiente\/wp-content\/uploads\/2012\/08\/concentrados-tolo.jpg 590w, https:\/\/locoxelrojo.com\/independiente\/wp-content\/uploads\/2012\/08\/concentrados-tolo-300x160.jpg 300w\" sizes=\"(max-width: 590px) 100vw, 590px\" \/><\/a><\/p>\n<p>Al t\u00e9rmino de la pr\u00e1ctica de esta ma\u00f1ana en el predio de Villa Dom\u00ednico, Am\u00e9rico Rub\u00e9n Gallego entreg\u00f3 la lista de concentrados que ma\u00f1ana viajaran rumbo a Mendoza a las 15:30 hs.<\/p>\n<p>Se acerca el d\u00eda del debut del Tolo en su tercer ciclo como entrenador de Independiente. El partido frente a Godoy Cruz, se va a juagr el domingo a las 18.15 hs y <strong>el DT guard\u00f3 20 jugadores.<\/strong><\/p>\n<p>En peque\u00f1os detalles se nota la mano de Gallego. Ayer en conferencia de prensa, declar\u00f3 que todos empiezan de cero y <strong>Fernando Godoy, al igual que frente a Boca est\u00e1 entre los concentrados. Vuelve Roberto Russo, a quien Enrique Borrelli dej\u00f3 afuera de la lista del Cl\u00e1sico Copero por la Copa Sudamericana. La sorpresa es Lucas Villalba.<\/strong> El juvenil regres\u00f3 esta semana de la gira con la Selecci\u00f3n Sub 20 y tuvo una charla con el Tolo, que lo marc\u00f3 como uno de sus pollos.<\/p>\n<p><strong>Los concentados son:<\/strong><\/p>\n<p><strong>Arqueros:<\/strong> Hilario Navarro, Diego Rodr\u00edguez<\/p>\n<p><strong>Defensores:<\/strong> Gabriel Vall\u00e9s, Eduardo Tuzzio, Cristian Tula, Leonel Galeano, Samuel C\u00e1ceres, Roberto Russo, Lucas Villalba<\/p>\n<p><strong>Volantes:<\/strong> Hern\u00e1n Fredes, Roberto Batti\u00f3n, Osmar Ferreyra, Fernando Godoy, Federico Mancuello, Fabi\u00e1n Monserrat, Paulo Rosales<\/p>\n<p><strong>Delanteros:<\/strong> Luciano Leguizam\u00f3n, Patricio Vidal, Ernesto Far\u00edas, Mart\u00edn Ben\u00edtez<\/p>\n","protected":false},"excerpt":{"rendered":"<p>Al t\u00e9rmino de la pr\u00e1ctica de esta ma\u00f1ana en el predio de Villa Dom\u00ednico, Am\u00e9rico Rub\u00e9n Gallego entreg\u00f3 la lista de concentrados que ma\u00f1ana viajaran rumbo a Mendoza a las 15:30 hs. Se acerca el d\u00eda del debut del Tolo en su tercer ciclo como entrenador de Independiente. El partido frente a Godoy Cruz, se [&hellip;]<\/p>\n","protected":false},"author":1,"featured_media":0,"comment_status":"open","ping_status":"open","sticky":false,"template":"","format":"standard","meta":{"_links_to":"","_links_to_target":""},"categories":[3,1],"tags":[153,3033,3056],"_links":{"self":[{"href":"https:\/\/www.locoxelrojo.com\/independiente\/wp-json\/wp\/v2\/posts\/21483"}],"collection":[{"href":"https:\/\/www.locoxelrojo.com\/independiente\/wp-json\/wp\/v2\/posts"}],"about":[{"href":"https:\/\/www.locoxelrojo.com\/independiente\/wp-json\/wp\/v2\/types\/post"}],"author":[{"embeddable":true,"href":"https:\/\/www.locoxelrojo.com\/independiente\/wp-json\/wp\/v2\/users\/1"}],"replies":[{"embeddable":true,"href":"https:\/\/www.locoxelrojo.com\/independiente\/wp-json\/wp\/v2\/comments?post=21483"}],"version-history":[{"count":0,"href":"https:\/\/www.locoxelrojo.com\/independiente\/wp-json\/wp\/v2\/posts\/21483\/revisions"}],"wp:attachment":[{"href":"https:\/\/www.locoxelrojo.com\/independiente\/wp-json\/wp\/v2\/media?parent=21483"}],"wp:term":[{"taxonomy":"category","embeddable":true,"href":"https:\/\/www.locoxelrojo.com\/independiente\/wp-json\/wp\/v2\/categories?post=21483"},{"taxonomy":"post_tag","embeddable":true,"href":"https:\/\/www.locoxelrojo.com\/independiente\/wp-json\/wp\/v2\/tags?post=21483"}],"curies":[{"name":"wp","href":"https:\/\/api.w.org\/{rel}","templated":true}]}}