{"id":21487,"date":"2012-08-31T16:11:12","date_gmt":"2012-08-31T19:11:12","guid":{"rendered":"http:\/\/www.locoxelrojo.com.ar\/independiente\/?p=21487"},"modified":"2012-08-31T16:11:12","modified_gmt":"2012-08-31T19:11:12","slug":"galeano-el-cambio-de-mentalidad-ya-se-vio-en-los-entrenamientos","status":"publish","type":"post","link":"https:\/\/www.locoxelrojo.com\/independiente\/2012\/08\/31\/galeano-el-cambio-de-mentalidad-ya-se-vio-en-los-entrenamientos\/","title":{"rendered":"Galeano: &#8220;El cambio de mentalidad ya se vio en los entrenamientos&#8221;"},"content":{"rendered":"<p><a href=\"http:\/\/www.locoxelrojo.com.ar\/independiente\/wp-content\/uploads\/2012\/08\/Galeano-2.jpg\"><img loading=\"lazy\" class=\"alignnone size-full wp-image-21489\" title=\"Galeano 2\" src=\"http:\/\/www.locoxelrojo.com.ar\/independiente\/wp-content\/uploads\/2012\/08\/Galeano-2.jpg\" alt=\"\" width=\"590\" height=\"315\" srcset=\"https:\/\/locoxelrojo.com\/independiente\/wp-content\/uploads\/2012\/08\/Galeano-2.jpg 590w, https:\/\/locoxelrojo.com\/independiente\/wp-content\/uploads\/2012\/08\/Galeano-2-300x160.jpg 300w\" sizes=\"(max-width: 590px) 100vw, 590px\" \/><\/a><\/p>\n<p>Leonel Galeano manifest\u00f3 este mediod\u00eda en Sportia que <strong>&#8220;el cambio de mentalidad del equipo ya se vio en los entrenamientos&#8221;. Adem\u00e1s, cont\u00f3 que tuvo una charla con Gallego.<\/strong><\/p>\n<p><strong>&#8220;El cambio de mentalidad del equipo ya se vio en los primeros entrenamientos. Creemos m\u00e1s en nosotros mismos y tenemos esa confianza que ten\u00edamos antes. Queremos cambiar la situaci\u00f3n&#8221;<\/strong>, expres\u00f3 el defensor.<\/p>\n<p>Por otro lado, opin\u00f3 de la vuelta de Am\u00e9rico Rub\u00e9n Gallego a Independiente:<strong> &#8220;Me hizo debutar en primera y estoy contento por todo lo que viv\u00ed con \u00e9l. Ahora arranc\u00f3 todo de cero y tengo ganas de trabajar fuerte para ganar un lugar. Me pregunt\u00f3 si me hab\u00eda olvidado de jugar&#8221;.<\/strong><\/p>\n<p>Finalmente se refiri\u00f3 al error defensivo que tuvo en el partido de ida ante Boca, aunque asegur\u00f3 que el f\u00fatbol siempre te da otra oportunidad: <strong>&#8220;Fue un golpe duro lo que me pas\u00f3 con Boca, pero el f\u00fatbol te da revancha enseguida y eso es lo bueno. Hay que estar preparado para cuando te toque entrar. El entrenamiento en la semana es fundamental&#8221;.<\/strong><\/p>\n","protected":false},"excerpt":{"rendered":"<p>Leonel Galeano manifest\u00f3 este mediod\u00eda en Sportia que &#8220;el cambio de mentalidad del equipo ya se vio en los entrenamientos&#8221;. Adem\u00e1s, cont\u00f3 que tuvo una charla con Gallego. &#8220;El cambio de mentalidad del equipo ya se vio en los primeros entrenamientos. Creemos m\u00e1s en nosotros mismos y tenemos esa confianza que ten\u00edamos antes. Queremos cambiar [&hellip;]<\/p>\n","protected":false},"author":11,"featured_media":0,"comment_status":"open","ping_status":"open","sticky":false,"template":"","format":"standard","meta":{"_links_to":"","_links_to_target":""},"categories":[3,1],"tags":[153,60],"_links":{"self":[{"href":"https:\/\/www.locoxelrojo.com\/independiente\/wp-json\/wp\/v2\/posts\/21487"}],"collection":[{"href":"https:\/\/www.locoxelrojo.com\/independiente\/wp-json\/wp\/v2\/posts"}],"about":[{"href":"https:\/\/www.locoxelrojo.com\/independiente\/wp-json\/wp\/v2\/types\/post"}],"author":[{"embeddable":true,"href":"https:\/\/www.locoxelrojo.com\/independiente\/wp-json\/wp\/v2\/users\/11"}],"replies":[{"embeddable":true,"href":"https:\/\/www.locoxelrojo.com\/independiente\/wp-json\/wp\/v2\/comments?post=21487"}],"version-history":[{"count":0,"href":"https:\/\/www.locoxelrojo.com\/independiente\/wp-json\/wp\/v2\/posts\/21487\/revisions"}],"wp:attachment":[{"href":"https:\/\/www.locoxelrojo.com\/independiente\/wp-json\/wp\/v2\/media?parent=21487"}],"wp:term":[{"taxonomy":"category","embeddable":true,"href":"https:\/\/www.locoxelrojo.com\/independiente\/wp-json\/wp\/v2\/categories?post=21487"},{"taxonomy":"post_tag","embeddable":true,"href":"https:\/\/www.locoxelrojo.com\/independiente\/wp-json\/wp\/v2\/tags?post=21487"}],"curies":[{"name":"wp","href":"https:\/\/api.w.org\/{rel}","templated":true}]}}