{"id":21492,"date":"2012-08-31T16:27:42","date_gmt":"2012-08-31T19:27:42","guid":{"rendered":"http:\/\/www.locoxelrojo.com.ar\/independiente\/?p=21492"},"modified":"2012-08-31T16:27:42","modified_gmt":"2012-08-31T19:27:42","slug":"vargas-gallego-quiere-dejar-a-independiente-arriba","status":"publish","type":"post","link":"https:\/\/www.locoxelrojo.com\/independiente\/2012\/08\/31\/vargas-gallego-quiere-dejar-a-independiente-arriba\/","title":{"rendered":"Vargas: &#8220;Gallego quiere dejar a Independiente arriba&#8221;"},"content":{"rendered":"<p><a href=\"http:\/\/www.locoxelrojo.com.ar\/independiente\/wp-content\/uploads\/2012\/08\/Vargas-8.jpg\"><img loading=\"lazy\" class=\"alignnone size-full wp-image-21495\" title=\"Vargas 8\" src=\"http:\/\/www.locoxelrojo.com.ar\/independiente\/wp-content\/uploads\/2012\/08\/Vargas-8.jpg\" alt=\"\" width=\"590\" height=\"315\" srcset=\"https:\/\/locoxelrojo.com\/independiente\/wp-content\/uploads\/2012\/08\/Vargas-8.jpg 590w, https:\/\/locoxelrojo.com\/independiente\/wp-content\/uploads\/2012\/08\/Vargas-8-300x160.jpg 300w\" sizes=\"(max-width: 590px) 100vw, 590px\" \/><\/a><\/p>\n<p>Fabi\u00e1n Vargas habl\u00f3 este mediod\u00eda en 90 minutos y destac\u00f3 que el mensaje de Gallego con el plantel es claro: <strong>&#8220;Dejar a Independiente arriba&#8221;. Por otra parte, habl\u00f3 de su lesi\u00f3n y del bajo promedio del club.<\/strong><\/p>\n<p><strong>&#8220;A Gallego lo conocia de haberlo enfrentado. No pudimos hablar mucho todav\u00eda, pero sus\u00a0mensajes son claros desde que lleg\u00f3: dejar a Independiente arriba. La gente lo quiere mucho a \u00e9l&#8221;<\/strong>, admiti\u00f3 el volante colombiano.<\/p>\n<p>En cuanto a su lesi\u00f3n en el partido ante Boca, expres\u00f3 que no le gusta nada perderse partidos: <strong>&#8220;Te bajonea un poco justo ahora quedarte afuera. Me estaba sintiendo bien, gan\u00e1ndome el cari\u00f1o de la gente. Los m\u00e9dicos dicen que no tengo para mucho&#8221;.<\/strong><\/p>\n<p>Luego, se refiri\u00f3 a los promedios y se mostr\u00f3 esperanzado de poder salir adelante:<strong> &#8220;Somos muchos equipos importantes metidos en problemas con el descenso. Es una situaci\u00f3n dificil y complicada pero no irreversible. Tenemos un gran plantel y un excelente cuerpo t\u00e9cnico. Vamos hacer todo para salir de esto&#8221;.<\/strong><\/p>\n<p><strong>&#8220;Todos sabemos que la prioridad es el torneo local, pero un equipo como Independiente no puede dejar la copa de lado. Habr\u00e1 que poner un equipo alternativo, pero que nos d\u00e9 el pase a la siguiente fase&#8221;<\/strong>, concluy\u00f3.<\/p>\n","protected":false},"excerpt":{"rendered":"<p>Fabi\u00e1n Vargas habl\u00f3 este mediod\u00eda en 90 minutos y destac\u00f3 que el mensaje de Gallego con el plantel es claro: &#8220;Dejar a Independiente arriba&#8221;. Por otra parte, habl\u00f3 de su lesi\u00f3n y del bajo promedio del club. &#8220;A Gallego lo conocia de haberlo enfrentado. No pudimos hablar mucho todav\u00eda, pero sus\u00a0mensajes son claros desde que [&hellip;]<\/p>\n","protected":false},"author":11,"featured_media":0,"comment_status":"open","ping_status":"open","sticky":false,"template":"","format":"standard","meta":{"_links_to":"","_links_to_target":""},"categories":[3,1],"tags":[634,153,1560],"_links":{"self":[{"href":"https:\/\/www.locoxelrojo.com\/independiente\/wp-json\/wp\/v2\/posts\/21492"}],"collection":[{"href":"https:\/\/www.locoxelrojo.com\/independiente\/wp-json\/wp\/v2\/posts"}],"about":[{"href":"https:\/\/www.locoxelrojo.com\/independiente\/wp-json\/wp\/v2\/types\/post"}],"author":[{"embeddable":true,"href":"https:\/\/www.locoxelrojo.com\/independiente\/wp-json\/wp\/v2\/users\/11"}],"replies":[{"embeddable":true,"href":"https:\/\/www.locoxelrojo.com\/independiente\/wp-json\/wp\/v2\/comments?post=21492"}],"version-history":[{"count":0,"href":"https:\/\/www.locoxelrojo.com\/independiente\/wp-json\/wp\/v2\/posts\/21492\/revisions"}],"wp:attachment":[{"href":"https:\/\/www.locoxelrojo.com\/independiente\/wp-json\/wp\/v2\/media?parent=21492"}],"wp:term":[{"taxonomy":"category","embeddable":true,"href":"https:\/\/www.locoxelrojo.com\/independiente\/wp-json\/wp\/v2\/categories?post=21492"},{"taxonomy":"post_tag","embeddable":true,"href":"https:\/\/www.locoxelrojo.com\/independiente\/wp-json\/wp\/v2\/tags?post=21492"}],"curies":[{"name":"wp","href":"https:\/\/api.w.org\/{rel}","templated":true}]}}