{"id":21500,"date":"2012-09-02T13:58:48","date_gmt":"2012-09-02T16:58:48","guid":{"rendered":"http:\/\/www.locoxelrojo.com.ar\/independiente\/?p=21500"},"modified":"2015-09-25T22:39:25","modified_gmt":"2015-09-26T01:39:25","slug":"el-tolo-buscara-romper-la-racha-del-debut","status":"publish","type":"post","link":"https:\/\/www.locoxelrojo.com\/independiente\/2012\/09\/02\/el-tolo-buscara-romper-la-racha-del-debut\/","title":{"rendered":"El Tolo buscar\u00e1 romper la racha del debut"},"content":{"rendered":"<p><a href=\"http:\/\/www.locoxelrojo.com.ar\/independiente\/wp-content\/uploads\/2012\/09\/Americo_Ruben_Gallego.jpg\"><img loading=\"lazy\" class=\"alignnone size-full wp-image-21501\" title=\"Americo_Ruben_Gallego\" src=\"http:\/\/www.locoxelrojo.com.ar\/independiente\/wp-content\/uploads\/2012\/09\/Americo_Ruben_Gallego.jpg\" alt=\"\" width=\"590\" height=\"315\" srcset=\"https:\/\/locoxelrojo.com\/independiente\/wp-content\/uploads\/2012\/09\/Americo_Ruben_Gallego.jpg 590w, https:\/\/locoxelrojo.com\/independiente\/wp-content\/uploads\/2012\/09\/Americo_Ruben_Gallego-300x160.jpg 300w\" sizes=\"(max-width: 590px) 100vw, 590px\" \/><\/a><\/p>\n<p>Si bien dio indicaciones a Borrelli en la previa de la vuelta por la Copa Sudamericana frente a Boca Juniors, Am\u00e9rico Rub\u00e9n Gallego tendr\u00e1 su tercer deb\u00fat oficial al mando del plantel profesional. En sus dos\u00a0arranques previos no logr\u00f3 ganar.<\/p>\n<p>El deb\u00fat en el banco del Rojo se dio el 13 de abril de 2002 por el Clausura de dicho a\u00f1o. Aquel d\u00eda Independiente empat\u00f3 0-0 con Talleres de C\u00f3rdoba en el Chateau Carreras -hoy Mario Alberto Kempes-. Aquel d\u00eda par\u00f3 a Dar\u00edo Sala; Juan Carlos Ram\u00edrez, Mat\u00edas Villavicencio, Hern\u00e1n Franco y Mariano Pern\u00eda; Gast\u00f3n Galv\u00e1n (Leonel R\u00edos), Le\u00f3n Bustos, Pablo Gui\u00f1az\u00fa (Eluchans); Federico Ins\u00faa; Pablo Cuba (Silvera) y Mat\u00edas Vuoso.<\/p>\n<p>El Regreso del Tolo no fue feliz. El 5 de abril de 2009 asum\u00eda ante Lan\u00fas por el Clausura 2009. En condici\u00f3n de visitante, el Rojo perd\u00eda 5-1 con Fabi\u00e1n Assmann; Ricardo Moreira, Leandro Gioda, Guillermo Rodr\u00edguez y Lucas Mareque (Federico Higuain); Leonel R\u00edos (Dar\u00edo Gand\u00edn), Sergio Vittor (Hern\u00e1n Fredes), Lucas Pusineri, Federico Mancuello; Gast\u00f3n Montenegro y Leonel N\u00fa\u00f1ez.<\/p>\n","protected":false},"excerpt":{"rendered":"<p>Si bien dio indicaciones a Borrelli en la previa de la vuelta por la Copa Sudamericana frente a Boca Juniors, Am\u00e9rico Rub\u00e9n Gallego tendr\u00e1 su tercer deb\u00fat oficial al mando del plantel profesional. En sus dos\u00a0arranques previos no logr\u00f3 ganar. El deb\u00fat en el banco del Rojo se dio el 13 de abril de 2002 [&hellip;]<\/p>\n","protected":false},"author":1,"featured_media":0,"comment_status":"open","ping_status":"open","sticky":false,"template":"","format":"standard","meta":{"_links_to":"","_links_to_target":""},"categories":[3,1],"tags":[634,153,1618],"_links":{"self":[{"href":"https:\/\/www.locoxelrojo.com\/independiente\/wp-json\/wp\/v2\/posts\/21500"}],"collection":[{"href":"https:\/\/www.locoxelrojo.com\/independiente\/wp-json\/wp\/v2\/posts"}],"about":[{"href":"https:\/\/www.locoxelrojo.com\/independiente\/wp-json\/wp\/v2\/types\/post"}],"author":[{"embeddable":true,"href":"https:\/\/www.locoxelrojo.com\/independiente\/wp-json\/wp\/v2\/users\/1"}],"replies":[{"embeddable":true,"href":"https:\/\/www.locoxelrojo.com\/independiente\/wp-json\/wp\/v2\/comments?post=21500"}],"version-history":[{"count":0,"href":"https:\/\/www.locoxelrojo.com\/independiente\/wp-json\/wp\/v2\/posts\/21500\/revisions"}],"wp:attachment":[{"href":"https:\/\/www.locoxelrojo.com\/independiente\/wp-json\/wp\/v2\/media?parent=21500"}],"wp:term":[{"taxonomy":"category","embeddable":true,"href":"https:\/\/www.locoxelrojo.com\/independiente\/wp-json\/wp\/v2\/categories?post=21500"},{"taxonomy":"post_tag","embeddable":true,"href":"https:\/\/www.locoxelrojo.com\/independiente\/wp-json\/wp\/v2\/tags?post=21500"}],"curies":[{"name":"wp","href":"https:\/\/api.w.org\/{rel}","templated":true}]}}