{"id":21614,"date":"2012-09-04T16:52:14","date_gmt":"2012-09-04T19:52:14","guid":{"rendered":"http:\/\/www.locoxelrojo.com.ar\/independiente\/?p=21614"},"modified":"2012-09-04T16:52:14","modified_gmt":"2012-09-04T19:52:14","slug":"farias-el-equipo-tiene-que-crear-mas-situaciones","status":"publish","type":"post","link":"https:\/\/www.locoxelrojo.com\/independiente\/2012\/09\/04\/farias-el-equipo-tiene-que-crear-mas-situaciones\/","title":{"rendered":"Far\u00edas: &#8220;El equipo tiene que crear m\u00e1s situaciones&#8221;"},"content":{"rendered":"<p><a href=\"http:\/\/www.locoxelrojo.com.ar\/independiente\/wp-content\/uploads\/2012\/09\/Far\u00edas-16.jpg\"><img loading=\"lazy\" class=\"alignnone size-full wp-image-21617\" title=\"Far\u00edas 16\" src=\"http:\/\/www.locoxelrojo.com.ar\/independiente\/wp-content\/uploads\/2012\/09\/Far\u00edas-16.jpg\" alt=\"\" width=\"590\" height=\"315\" srcset=\"https:\/\/locoxelrojo.com\/independiente\/wp-content\/uploads\/2012\/09\/Far\u00edas-16.jpg 590w, https:\/\/locoxelrojo.com\/independiente\/wp-content\/uploads\/2012\/09\/Far\u00edas-16-300x160.jpg 300w\" sizes=\"(max-width: 590px) 100vw, 590px\" \/><\/a><\/p>\n<p>Ernesto Far\u00edas dialog\u00f3 con la prensa este mediod\u00eda y reconoci\u00f3 que <strong>&#8220;el equipo tiene que crear m\u00e1s situaciones para poder ganar&#8221;. De todas formas fue optimista sobre el futuro: &#8220;Vamos a salir adelante&#8221;.<\/strong><\/p>\n<p><strong>&#8220;Con V\u00e9lez tuve dos o tres situaciones y con Arsenal una. Desde que estoy en Independiente fueron de los partidos que m\u00e1s chances tuve. Obviamente que hay que ser contundentes, pero creo que el equipo tiene que crear m\u00e1s situaciones para poder ganar&#8221;<\/strong>, expres\u00f3 el delantero.<\/p>\n<p>Luego, se refiri\u00f3 a la presi\u00f3n que genera estar en el fondo de la tabla de promedios:<strong> &#8220;Hay que empezar a ganar para poder sumar. Tenemos que seguir trabajando y corregir los errores esta semana. No hay margen de error.Tenemos la presi\u00f3n l\u00f3gica del momento en el que est\u00e1 Independiente&#8221;.<\/strong><\/p>\n<p>Finalmente, dej\u00f3 un mensaje optimista:<strong> &#8220;Nos estamos jugando la historia del club, pero creo que con los jugadores de experiencia que hay y con la gente que apoya vamos a salir. El jugador siente el apoyo de los hinchas en la cancha. Ojal\u00e1 el domingo comiencen los buenos resultados&#8221;.<\/strong><\/p>\n","protected":false},"excerpt":{"rendered":"<p>Ernesto Far\u00edas dialog\u00f3 con la prensa este mediod\u00eda y reconoci\u00f3 que &#8220;el equipo tiene que crear m\u00e1s situaciones para poder ganar&#8221;. De todas formas fue optimista sobre el futuro: &#8220;Vamos a salir adelante&#8221;. &#8220;Con V\u00e9lez tuve dos o tres situaciones y con Arsenal una. Desde que estoy en Independiente fueron de los partidos que m\u00e1s [&hellip;]<\/p>\n","protected":false},"author":11,"featured_media":0,"comment_status":"open","ping_status":"open","sticky":false,"template":"","format":"standard","meta":{"_links_to":"","_links_to_target":""},"categories":[3,1],"tags":[153,946,666],"_links":{"self":[{"href":"https:\/\/www.locoxelrojo.com\/independiente\/wp-json\/wp\/v2\/posts\/21614"}],"collection":[{"href":"https:\/\/www.locoxelrojo.com\/independiente\/wp-json\/wp\/v2\/posts"}],"about":[{"href":"https:\/\/www.locoxelrojo.com\/independiente\/wp-json\/wp\/v2\/types\/post"}],"author":[{"embeddable":true,"href":"https:\/\/www.locoxelrojo.com\/independiente\/wp-json\/wp\/v2\/users\/11"}],"replies":[{"embeddable":true,"href":"https:\/\/www.locoxelrojo.com\/independiente\/wp-json\/wp\/v2\/comments?post=21614"}],"version-history":[{"count":0,"href":"https:\/\/www.locoxelrojo.com\/independiente\/wp-json\/wp\/v2\/posts\/21614\/revisions"}],"wp:attachment":[{"href":"https:\/\/www.locoxelrojo.com\/independiente\/wp-json\/wp\/v2\/media?parent=21614"}],"wp:term":[{"taxonomy":"category","embeddable":true,"href":"https:\/\/www.locoxelrojo.com\/independiente\/wp-json\/wp\/v2\/categories?post=21614"},{"taxonomy":"post_tag","embeddable":true,"href":"https:\/\/www.locoxelrojo.com\/independiente\/wp-json\/wp\/v2\/tags?post=21614"}],"curies":[{"name":"wp","href":"https:\/\/api.w.org\/{rel}","templated":true}]}}