{"id":21668,"date":"2012-09-06T15:19:27","date_gmt":"2012-09-06T18:19:27","guid":{"rendered":"http:\/\/www.locoxelrojo.com.ar\/independiente\/?p=21668"},"modified":"2012-09-06T15:19:27","modified_gmt":"2012-09-06T18:19:27","slug":"el-equipo-toma-forma","status":"publish","type":"post","link":"https:\/\/www.locoxelrojo.com\/independiente\/2012\/09\/06\/el-equipo-toma-forma\/","title":{"rendered":"El equipo toma forma"},"content":{"rendered":"<p><a href=\"http:\/\/www.locoxelrojo.com.ar\/independiente\/wp-content\/uploads\/2012\/09\/Entrenamiento-24.jpg\"><img loading=\"lazy\" class=\"alignnone size-full wp-image-21669\" title=\"Entrenamiento 24\" src=\"http:\/\/www.locoxelrojo.com.ar\/independiente\/wp-content\/uploads\/2012\/09\/Entrenamiento-24.jpg\" alt=\"\" width=\"590\" height=\"315\" srcset=\"https:\/\/locoxelrojo.com\/independiente\/wp-content\/uploads\/2012\/09\/Entrenamiento-24.jpg 590w, https:\/\/locoxelrojo.com\/independiente\/wp-content\/uploads\/2012\/09\/Entrenamiento-24-300x160.jpg 300w\" sizes=\"(max-width: 590px) 100vw, 590px\" \/><\/a><\/p>\n<p><strong>Am\u00e9rico Gallego par\u00f3 esta ma\u00f1ana en Villa Dom\u00ednico a los posibles 11 titulares que enfrenten a Quilmes el domingo en Avellaneda. Sorprendi\u00f3 la presencia de Samuel C\u00e1ceres en la zaga central.<\/strong><\/p>\n<p>Faltan tres d\u00edas y el Tolo ya tiene casi todo listo. Si bien ayer hab\u00eda parado un equipo en una pr\u00e1ctica de f\u00fatbol corta, esta ma\u00f1ana hizo algunos cambios. Los 11 de hoy fueron: <strong>Navarro; Vall\u00e9s, C\u00e1ceres, Morel Rodr\u00edguez, Villalba; Godoy, Zapata; Rosales, Ferreyra; Vidal y Far\u00edas.<\/strong><\/p>\n<p><strong>En cuanto a los lesionados, Cristian Tula no fue probado por precauci\u00f3n, pero har\u00e1n todo para que llegue al encuentro contra el Cervecero. Otro que no practic\u00f3 fue Leonel Galeano, por una molestia en el isquiotibial de su pierna derecha. <\/strong><\/p>\n","protected":false},"excerpt":{"rendered":"<p>Am\u00e9rico Gallego par\u00f3 esta ma\u00f1ana en Villa Dom\u00ednico a los posibles 11 titulares que enfrenten a Quilmes el domingo en Avellaneda. Sorprendi\u00f3 la presencia de Samuel C\u00e1ceres en la zaga central. Faltan tres d\u00edas y el Tolo ya tiene casi todo listo. Si bien ayer hab\u00eda parado un equipo en una pr\u00e1ctica de f\u00fatbol corta, [&hellip;]<\/p>\n","protected":false},"author":11,"featured_media":0,"comment_status":"open","ping_status":"open","sticky":false,"template":"","format":"standard","meta":{"_links_to":"","_links_to_target":""},"categories":[3,1],"tags":[634,153,666,192],"_links":{"self":[{"href":"https:\/\/www.locoxelrojo.com\/independiente\/wp-json\/wp\/v2\/posts\/21668"}],"collection":[{"href":"https:\/\/www.locoxelrojo.com\/independiente\/wp-json\/wp\/v2\/posts"}],"about":[{"href":"https:\/\/www.locoxelrojo.com\/independiente\/wp-json\/wp\/v2\/types\/post"}],"author":[{"embeddable":true,"href":"https:\/\/www.locoxelrojo.com\/independiente\/wp-json\/wp\/v2\/users\/11"}],"replies":[{"embeddable":true,"href":"https:\/\/www.locoxelrojo.com\/independiente\/wp-json\/wp\/v2\/comments?post=21668"}],"version-history":[{"count":0,"href":"https:\/\/www.locoxelrojo.com\/independiente\/wp-json\/wp\/v2\/posts\/21668\/revisions"}],"wp:attachment":[{"href":"https:\/\/www.locoxelrojo.com\/independiente\/wp-json\/wp\/v2\/media?parent=21668"}],"wp:term":[{"taxonomy":"category","embeddable":true,"href":"https:\/\/www.locoxelrojo.com\/independiente\/wp-json\/wp\/v2\/categories?post=21668"},{"taxonomy":"post_tag","embeddable":true,"href":"https:\/\/www.locoxelrojo.com\/independiente\/wp-json\/wp\/v2\/tags?post=21668"}],"curies":[{"name":"wp","href":"https:\/\/api.w.org\/{rel}","templated":true}]}}