{"id":22047,"date":"2012-09-18T13:51:11","date_gmt":"2012-09-18T16:51:11","guid":{"rendered":"http:\/\/www.locoxelrojo.com.ar\/independiente\/?p=22047"},"modified":"2012-09-18T13:51:11","modified_gmt":"2012-09-18T16:51:11","slug":"vargas-creo-que-estoy-para-jugar-90-minutos","status":"publish","type":"post","link":"https:\/\/www.locoxelrojo.com\/independiente\/2012\/09\/18\/vargas-creo-que-estoy-para-jugar-90-minutos\/","title":{"rendered":"Vargas: &#8220;Creo que estoy para jugar 90 minutos&#8221;"},"content":{"rendered":"<p><a href=\"http:\/\/www.locoxelrojo.com.ar\/independiente\/wp-content\/uploads\/2012\/09\/Vargas-9.jpg\"><img loading=\"lazy\" class=\"alignnone size-full wp-image-22049\" title=\"Vargas 9\" src=\"http:\/\/www.locoxelrojo.com.ar\/independiente\/wp-content\/uploads\/2012\/09\/Vargas-9.jpg\" alt=\"\" width=\"590\" height=\"315\" srcset=\"https:\/\/locoxelrojo.com\/independiente\/wp-content\/uploads\/2012\/09\/Vargas-9.jpg 590w, https:\/\/locoxelrojo.com\/independiente\/wp-content\/uploads\/2012\/09\/Vargas-9-300x160.jpg 300w\" sizes=\"(max-width: 590px) 100vw, 590px\" \/><\/a><\/p>\n<p><strong>Fabi\u00e1n Vargas asegur\u00f3 este mediod\u00eda ante la prensa que ya est\u00e1 para jugar los 90 minutos. Adem\u00e1s, habl\u00f3 de las continuas lesiones del plantel desde que comenz\u00f3 la temporada.<\/strong><\/p>\n<p>Los problemas f\u00edsicos en Independiente ya no son novedad, pero de a poco, algunos se recuperan. Uno de ellos es Vargas, que entr\u00f3 el domingo frente a Boca y no tuvo problemas. <strong>&#8220;Creo que estoy para jugar 90 minutos. La idea es tratar de ponerse a punto en las semanas que ten\u00e9s m\u00e1s espacio para trabajar&#8221;<\/strong>, expres\u00f3.<\/p>\n<p>Por otro lado, opin\u00f3 de las cr\u00edticas que recibi\u00f3 el equipo en cuanto a la preparaci\u00f3n f\u00edsica:<strong> &#8220;Las lesiones no tinen nada que ver con la pretemporada, sino con la carga de partidos que hemos tenido&#8221;.<\/strong><\/p>\n<p>Finalmente manifest\u00f3 que es importante que haya uni\u00f3n en el plantel para salir de la situaci\u00f3n: <strong>&#8220;En estos momentos siempre es importante tener a todos los jugadores disponibles tirando para el mismo lado&#8221;.<\/strong><\/p>\n","protected":false},"excerpt":{"rendered":"<p>Fabi\u00e1n Vargas asegur\u00f3 este mediod\u00eda ante la prensa que ya est\u00e1 para jugar los 90 minutos. Adem\u00e1s, habl\u00f3 de las continuas lesiones del plantel desde que comenz\u00f3 la temporada. Los problemas f\u00edsicos en Independiente ya no son novedad, pero de a poco, algunos se recuperan. Uno de ellos es Vargas, que entr\u00f3 el domingo frente [&hellip;]<\/p>\n","protected":false},"author":11,"featured_media":0,"comment_status":"open","ping_status":"open","sticky":false,"template":"","format":"standard","meta":{"_links_to":"","_links_to_target":""},"categories":[3,1],"tags":[156,153,1560],"_links":{"self":[{"href":"https:\/\/www.locoxelrojo.com\/independiente\/wp-json\/wp\/v2\/posts\/22047"}],"collection":[{"href":"https:\/\/www.locoxelrojo.com\/independiente\/wp-json\/wp\/v2\/posts"}],"about":[{"href":"https:\/\/www.locoxelrojo.com\/independiente\/wp-json\/wp\/v2\/types\/post"}],"author":[{"embeddable":true,"href":"https:\/\/www.locoxelrojo.com\/independiente\/wp-json\/wp\/v2\/users\/11"}],"replies":[{"embeddable":true,"href":"https:\/\/www.locoxelrojo.com\/independiente\/wp-json\/wp\/v2\/comments?post=22047"}],"version-history":[{"count":0,"href":"https:\/\/www.locoxelrojo.com\/independiente\/wp-json\/wp\/v2\/posts\/22047\/revisions"}],"wp:attachment":[{"href":"https:\/\/www.locoxelrojo.com\/independiente\/wp-json\/wp\/v2\/media?parent=22047"}],"wp:term":[{"taxonomy":"category","embeddable":true,"href":"https:\/\/www.locoxelrojo.com\/independiente\/wp-json\/wp\/v2\/categories?post=22047"},{"taxonomy":"post_tag","embeddable":true,"href":"https:\/\/www.locoxelrojo.com\/independiente\/wp-json\/wp\/v2\/tags?post=22047"}],"curies":[{"name":"wp","href":"https:\/\/api.w.org\/{rel}","templated":true}]}}