{"id":22051,"date":"2012-09-18T17:32:12","date_gmt":"2012-09-18T20:32:12","guid":{"rendered":"http:\/\/www.locoxelrojo.com.ar\/independiente\/?p=22051"},"modified":"2012-09-18T17:34:06","modified_gmt":"2012-09-18T20:34:06","slug":"santana-tenemos-plantel-para-pelear-arriba","status":"publish","type":"post","link":"https:\/\/www.locoxelrojo.com\/independiente\/2012\/09\/18\/santana-tenemos-plantel-para-pelear-arriba\/","title":{"rendered":"Santana: &#8220;Tenemos plantel para pelear arriba&#8221;"},"content":{"rendered":"<p><a href=\"http:\/\/www.locoxelrojo.com.ar\/independiente\/wp-content\/uploads\/2012\/09\/Santana-21.jpg\"><img loading=\"lazy\" class=\"alignnone size-full wp-image-22052\" title=\"Santana 2\" src=\"http:\/\/www.locoxelrojo.com.ar\/independiente\/wp-content\/uploads\/2012\/09\/Santana-21.jpg\" alt=\"\" width=\"590\" height=\"315\" srcset=\"https:\/\/locoxelrojo.com\/independiente\/wp-content\/uploads\/2012\/09\/Santana-21.jpg 590w, https:\/\/locoxelrojo.com\/independiente\/wp-content\/uploads\/2012\/09\/Santana-21-300x160.jpg 300w\" sizes=\"(max-width: 590px) 100vw, 590px\" \/><\/a><\/p>\n<p>Jonathan Santana habl\u00f3 esta tarde en Los M\u00e1s Grandes y <strong>asegur\u00f3 que Independiente tiene plantel para pelear arriba. Adem\u00e1s, se refiri\u00f3 a las continuas lesiones en el plantel.<\/strong><\/p>\n<p><strong>&#8220;Estamos convencidos de que tenemos plantel para pelear arriba, no el descenso. Tenemos que tratar de encontrarnos lo m\u00e1s r\u00e1pido posible. La situaci\u00f3n no es preocupante por los jugadores que hay&#8221;,<\/strong> expres\u00f3 el volante por derecha respecto de la actualidad que vive Independiente en los promedios.<\/p>\n<p>Luego, hizo \u00e9nfasis en los problemas f\u00edsicos que hubo desde que arranc\u00f3 el torneo: <strong>&#8220;<\/strong><strong>El no haber hecho todos juntos la pretemporada influye. Pero la excusa no vale. Hay que acoplarse cuanto antes&#8221;.<\/strong><\/p>\n<p><strong><strong>&#8220;Necesitamos los tres puntos, necesitamos ganar de local, pero sin desesperaci\u00f3n<\/strong>. Hoy los partidos son peleados, duros. Tenemos que saber manejar la situaci\u00f3n. Hay jugadores con experiencia&#8221;, <\/strong>concluy\u00f3.<\/p>\n","protected":false},"excerpt":{"rendered":"<p>Jonathan Santana habl\u00f3 esta tarde en Los M\u00e1s Grandes y asegur\u00f3 que Independiente tiene plantel para pelear arriba. Adem\u00e1s, se refiri\u00f3 a las continuas lesiones en el plantel. &#8220;Estamos convencidos de que tenemos plantel para pelear arriba, no el descenso. Tenemos que tratar de encontrarnos lo m\u00e1s r\u00e1pido posible. La situaci\u00f3n no es preocupante por [&hellip;]<\/p>\n","protected":false},"author":11,"featured_media":0,"comment_status":"open","ping_status":"open","sticky":false,"template":"","format":"standard","meta":{"_links_to":"","_links_to_target":""},"categories":[3,1],"tags":[634,153,1568,471],"_links":{"self":[{"href":"https:\/\/www.locoxelrojo.com\/independiente\/wp-json\/wp\/v2\/posts\/22051"}],"collection":[{"href":"https:\/\/www.locoxelrojo.com\/independiente\/wp-json\/wp\/v2\/posts"}],"about":[{"href":"https:\/\/www.locoxelrojo.com\/independiente\/wp-json\/wp\/v2\/types\/post"}],"author":[{"embeddable":true,"href":"https:\/\/www.locoxelrojo.com\/independiente\/wp-json\/wp\/v2\/users\/11"}],"replies":[{"embeddable":true,"href":"https:\/\/www.locoxelrojo.com\/independiente\/wp-json\/wp\/v2\/comments?post=22051"}],"version-history":[{"count":0,"href":"https:\/\/www.locoxelrojo.com\/independiente\/wp-json\/wp\/v2\/posts\/22051\/revisions"}],"wp:attachment":[{"href":"https:\/\/www.locoxelrojo.com\/independiente\/wp-json\/wp\/v2\/media?parent=22051"}],"wp:term":[{"taxonomy":"category","embeddable":true,"href":"https:\/\/www.locoxelrojo.com\/independiente\/wp-json\/wp\/v2\/categories?post=22051"},{"taxonomy":"post_tag","embeddable":true,"href":"https:\/\/www.locoxelrojo.com\/independiente\/wp-json\/wp\/v2\/tags?post=22051"}],"curies":[{"name":"wp","href":"https:\/\/api.w.org\/{rel}","templated":true}]}}