{"id":22113,"date":"2012-09-20T16:42:41","date_gmt":"2012-09-20T19:42:41","guid":{"rendered":"http:\/\/www.locoxelrojo.com.ar\/independiente\/?p=22113"},"modified":"2015-09-25T23:16:35","modified_gmt":"2015-09-26T02:16:35","slug":"varios-pibes-concentrados","status":"publish","type":"post","link":"https:\/\/www.locoxelrojo.com\/independiente\/2012\/09\/20\/varios-pibes-concentrados\/","title":{"rendered":"Concentrados vs. All Boys"},"content":{"rendered":"<p><a href=\"http:\/\/www.locoxelrojo.com.ar\/independiente\/wp-content\/uploads\/2012\/09\/concentrados-cai-allboys.jpg\"><img loading=\"lazy\" class=\"alignnone size-full wp-image-22114\" title=\"concentrados-cai-allboys\" src=\"http:\/\/www.locoxelrojo.com.ar\/independiente\/wp-content\/uploads\/2012\/09\/concentrados-cai-allboys.jpg\" alt=\"\" width=\"590\" height=\"315\" srcset=\"https:\/\/locoxelrojo.com\/independiente\/wp-content\/uploads\/2012\/09\/concentrados-cai-allboys.jpg 590w, https:\/\/locoxelrojo.com\/independiente\/wp-content\/uploads\/2012\/09\/concentrados-cai-allboys-300x160.jpg 300w\" sizes=\"(max-width: 590px) 100vw, 590px\" \/><\/a><\/p>\n<p>Independiente juega su partido frente a All Boys el s\u00e1bado a las 20.20 hs en el Libertadores de Am\u00e9rica y el Tolo Gallego ya dio a conocer la lista de concentrados. Esta vez son 18 los nombres elegidos y <strong>la mitad son jugadores surgidos de las Divisiones Inferiores.<\/strong><\/p>\n<p><strong>La novedad pasa por la inclusi\u00f3n del tucumano <a href=\"http:\/\/www.locoxelrojo.com.ar\/independiente\/2012\/09\/19\/trejo-no-me-imagine-que-me-iban-a-llamar\/\">Juan Manuel Trejo<\/a>, quien se gan\u00f3 el puesto como lateral izquierdo y jugar\u00e1 en lugar de Claudio Morel Rodr\u00edguez suspendido. Tambi\u00e9n sorprendi\u00f3 ver a Samuel C\u00e1ceres en la lista, ya que al comienzo de la semana sufri\u00f3 un fuerte golpe en su pie, pero el central paraguayo esta mejor y ocupar\u00e1 un lugar en el banco.<\/strong><\/p>\n<p><strong>A continuaci\u00f3n los 18 elegidos por Am\u00e9rico Rub\u00e9n Gallego:<\/strong><\/p>\n<p><strong>Arqueros:<\/strong> Hilario Navarro y Diego Rodr\u00edguez.<\/p>\n<p><strong>Defensores:<\/strong> Samuel C\u00e1ceres, Leonel Galeano, Gabriel Vall\u00e9s, Lucas Villalba, Juli\u00e1n Vel\u00e1zquez, y Juan Manuel Trejo.<\/p>\n<p><strong>Volantes:<\/strong> Fabi\u00e1n Vargas, Hern\u00e1n Fredes, Roberto Batti\u00f3n, Lucas Villafa\u00f1ez, Paulo Rosales y Osmar Ferreyra.<\/p>\n<p><strong>Delanteros:<\/strong> Luciano Leguizam\u00f3n, Patricio Vidal, Ernesto Far\u00edas y Mart\u00edn Ben\u00edtez.<\/p>\n","protected":false},"excerpt":{"rendered":"<p>Independiente juega su partido frente a All Boys el s\u00e1bado a las 20.20 hs en el Libertadores de Am\u00e9rica y el Tolo Gallego ya dio a conocer la lista de concentrados. Esta vez son 18 los nombres elegidos y la mitad son jugadores surgidos de las Divisiones Inferiores. La novedad pasa por la inclusi\u00f3n del [&hellip;]<\/p>\n","protected":false},"author":1,"featured_media":0,"comment_status":"open","ping_status":"open","sticky":false,"template":"","format":"standard","meta":{"_links_to":"","_links_to_target":""},"categories":[3,1],"tags":[153,3035,3056],"_links":{"self":[{"href":"https:\/\/www.locoxelrojo.com\/independiente\/wp-json\/wp\/v2\/posts\/22113"}],"collection":[{"href":"https:\/\/www.locoxelrojo.com\/independiente\/wp-json\/wp\/v2\/posts"}],"about":[{"href":"https:\/\/www.locoxelrojo.com\/independiente\/wp-json\/wp\/v2\/types\/post"}],"author":[{"embeddable":true,"href":"https:\/\/www.locoxelrojo.com\/independiente\/wp-json\/wp\/v2\/users\/1"}],"replies":[{"embeddable":true,"href":"https:\/\/www.locoxelrojo.com\/independiente\/wp-json\/wp\/v2\/comments?post=22113"}],"version-history":[{"count":0,"href":"https:\/\/www.locoxelrojo.com\/independiente\/wp-json\/wp\/v2\/posts\/22113\/revisions"}],"wp:attachment":[{"href":"https:\/\/www.locoxelrojo.com\/independiente\/wp-json\/wp\/v2\/media?parent=22113"}],"wp:term":[{"taxonomy":"category","embeddable":true,"href":"https:\/\/www.locoxelrojo.com\/independiente\/wp-json\/wp\/v2\/categories?post=22113"},{"taxonomy":"post_tag","embeddable":true,"href":"https:\/\/www.locoxelrojo.com\/independiente\/wp-json\/wp\/v2\/tags?post=22113"}],"curies":[{"name":"wp","href":"https:\/\/api.w.org\/{rel}","templated":true}]}}