{"id":22123,"date":"2012-09-20T20:00:03","date_gmt":"2012-09-20T23:00:03","guid":{"rendered":"http:\/\/www.locoxelrojo.com.ar\/independiente\/?p=22123"},"modified":"2012-09-20T23:06:41","modified_gmt":"2012-09-21T02:06:41","slug":"ustari-quiero-mucho-a-independiente","status":"publish","type":"post","link":"https:\/\/www.locoxelrojo.com\/independiente\/2012\/09\/20\/ustari-quiero-mucho-a-independiente\/","title":{"rendered":"Ustari: &#8220;Quiero mucho a Independiente&#8221;"},"content":{"rendered":"<p><a href=\"http:\/\/www.locoxelrojo.com.ar\/independiente\/wp-content\/uploads\/2012\/09\/Oscar_Ustari.jpg\"><img loading=\"lazy\" class=\"alignnone size-full wp-image-22124\" title=\"Oscar_Ustari\" src=\"http:\/\/www.locoxelrojo.com.ar\/independiente\/wp-content\/uploads\/2012\/09\/Oscar_Ustari.jpg\" alt=\"\" width=\"590\" height=\"315\" srcset=\"https:\/\/locoxelrojo.com\/independiente\/wp-content\/uploads\/2012\/09\/Oscar_Ustari.jpg 590w, https:\/\/locoxelrojo.com\/independiente\/wp-content\/uploads\/2012\/09\/Oscar_Ustari-300x160.jpg 300w\" sizes=\"(max-width: 590px) 100vw, 590px\" \/><\/a><\/p>\n<p><strong>Oscar Ustari <\/strong>grit\u00f3 el 2-1 para Boca Juniors con Independiente en descenso directo. El arquero surgido de las divisiones inferiores dio su versi\u00f3n sobre los hechos, pero no le pidi\u00f3 disculpas a los hinchas del Rojo. <strong>&#8220;El grito fue un desahogo personal porque no me estaban saliendo las cosas bien&#8221;<\/strong>, asegur\u00f3 en di\u00e1logo con Rock and Closs por Rock and Pop.<\/p>\n<p>Luego justific\u00f3: <strong>&#8220;Me sent\u00ed muy mal porque quiero mucho a Independiente&#8221;.<\/strong> Sin embargo, no se discul\u00f3 ante los hinchas de Independiente. Oscar Alfredo Ustari debut\u00f3 en Independiente el 5 de octubre del 2005, cuando el equipo era dirigido por Julio C\u00e9sar Falcioni. Ese d\u00eda el Rojo derrot\u00f3 a Newell\u00b4s por 2 a 0. Defendi\u00f3 esa camiseta en 64 partidos y se dio el gusto de gritar un gol de penal frente a Quilmes de local en el estadio de Racing Club.<\/p>\n<p>Gracias a Independiente se gan\u00f3 un nombre en el F\u00fatbol Argentino que lo llev\u00f3 a tener gran participaci\u00f3n en la Selecci\u00f3n Argentina tanto en Juveniles como en la Mayor, disputando Sudamericanos, Mundiales Sub 17, Sub 20, Selecci\u00f3n Sub 23 y fue el tercer arquero en la Selecci\u00f3n Argentina en el Mundial de Aleman\u00eda 2006.<\/p>\n","protected":false},"excerpt":{"rendered":"<p>Oscar Ustari grit\u00f3 el 2-1 para Boca Juniors con Independiente en descenso directo. El arquero surgido de las divisiones inferiores dio su versi\u00f3n sobre los hechos, pero no le pidi\u00f3 disculpas a los hinchas del Rojo. &#8220;El grito fue un desahogo personal porque no me estaban saliendo las cosas bien&#8221;, asegur\u00f3 en di\u00e1logo con Rock [&hellip;]<\/p>\n","protected":false},"author":1,"featured_media":0,"comment_status":"open","ping_status":"open","sticky":false,"template":"","format":"standard","meta":{"_links_to":"","_links_to_target":""},"categories":[1],"tags":[153,384,1618],"_links":{"self":[{"href":"https:\/\/www.locoxelrojo.com\/independiente\/wp-json\/wp\/v2\/posts\/22123"}],"collection":[{"href":"https:\/\/www.locoxelrojo.com\/independiente\/wp-json\/wp\/v2\/posts"}],"about":[{"href":"https:\/\/www.locoxelrojo.com\/independiente\/wp-json\/wp\/v2\/types\/post"}],"author":[{"embeddable":true,"href":"https:\/\/www.locoxelrojo.com\/independiente\/wp-json\/wp\/v2\/users\/1"}],"replies":[{"embeddable":true,"href":"https:\/\/www.locoxelrojo.com\/independiente\/wp-json\/wp\/v2\/comments?post=22123"}],"version-history":[{"count":0,"href":"https:\/\/www.locoxelrojo.com\/independiente\/wp-json\/wp\/v2\/posts\/22123\/revisions"}],"wp:attachment":[{"href":"https:\/\/www.locoxelrojo.com\/independiente\/wp-json\/wp\/v2\/media?parent=22123"}],"wp:term":[{"taxonomy":"category","embeddable":true,"href":"https:\/\/www.locoxelrojo.com\/independiente\/wp-json\/wp\/v2\/categories?post=22123"},{"taxonomy":"post_tag","embeddable":true,"href":"https:\/\/www.locoxelrojo.com\/independiente\/wp-json\/wp\/v2\/tags?post=22123"}],"curies":[{"name":"wp","href":"https:\/\/api.w.org\/{rel}","templated":true}]}}