{"id":22173,"date":"2012-09-22T22:36:09","date_gmt":"2012-09-23T01:36:09","guid":{"rendered":"http:\/\/www.locoxelrojo.com.ar\/independiente\/?p=22173"},"modified":"2012-09-23T02:10:40","modified_gmt":"2012-09-23T05:10:40","slug":"por-la-copa-con-un-mix","status":"publish","type":"post","link":"https:\/\/www.locoxelrojo.com\/independiente\/2012\/09\/22\/por-la-copa-con-un-mix\/","title":{"rendered":"Por la copa, con un mix"},"content":{"rendered":"<p><a href=\"http:\/\/www.locoxelrojo.com.ar\/independiente\/wp-content\/uploads\/2012\/09\/mix-copa-independiente.jpg\"><img loading=\"lazy\" class=\"alignnone size-full wp-image-22188\" title=\"mix-copa-independiente\" src=\"http:\/\/www.locoxelrojo.com.ar\/independiente\/wp-content\/uploads\/2012\/09\/mix-copa-independiente.jpg\" alt=\"\" width=\"590\" height=\"315\" srcset=\"https:\/\/locoxelrojo.com\/independiente\/wp-content\/uploads\/2012\/09\/mix-copa-independiente.jpg 590w, https:\/\/locoxelrojo.com\/independiente\/wp-content\/uploads\/2012\/09\/mix-copa-independiente-300x160.jpg 300w\" sizes=\"(max-width: 590px) 100vw, 590px\" \/><\/a><\/p>\n<p><strong>&#8220;Voy a poner lo mejor que tenga<\/strong>&#8220;, advirti\u00f3 Am\u00e9rico Rub\u00e9n Gallego en conferencia de prensa luego del empate 1-1 frente a All Boys. A pesar de que el Rojo no conoce la victoria hace 17 cotejos y est\u00e1 en la peor racha de su historia, el entrenador intentar\u00e1 ir por el triunfo ante Liverpool de Uruguay el martes 21:30 por Copa Sudamericana.<\/p>\n<p><strong>&#8220;No es que voy a poner 9 titulares porque somos conscientes de que tenemos que sacar puntos por el torneo, pero vamos a ir con equipo importante&#8221;<\/strong>, agreg\u00f3 el entrenador que a pesar del mal momento en el torneo, no quiere regalar la fase de la Copa.<\/p>\n<p>En cuanto a los nombres que saldr\u00e1n a la cancha frente a Liverpool, se comenzar\u00e1n a saber a partir de ma\u00f1ana. <strong>El Rojo no tiene descanso y comienza a entrenar desde el domingo temprano en Villa Dom\u00ednico. Se especula con la presencia de Jonathan Santana entre los titulares. Tambi\u00e9n podr\u00edan volver Eduardo Tuzzio y V\u00edctor Zapata. <\/strong><\/p>\n<p>El Tolo y el Mundo Independiente, parecen no querer tomar consciencia de la situaci\u00f3n con los promedios, arriesgan y apuestan a los dos frentes&#8230;<\/p>\n","protected":false},"excerpt":{"rendered":"<p>&#8220;Voy a poner lo mejor que tenga&#8220;, advirti\u00f3 Am\u00e9rico Rub\u00e9n Gallego en conferencia de prensa luego del empate 1-1 frente a All Boys. A pesar de que el Rojo no conoce la victoria hace 17 cotejos y est\u00e1 en la peor racha de su historia, el entrenador intentar\u00e1 ir por el triunfo ante Liverpool de [&hellip;]<\/p>\n","protected":false},"author":1,"featured_media":0,"comment_status":"open","ping_status":"open","sticky":false,"template":"","format":"standard","meta":{"_links_to":"","_links_to_target":""},"categories":[3,1],"tags":[634,153,3266,135,1568,1752,35,1618,1571],"_links":{"self":[{"href":"https:\/\/www.locoxelrojo.com\/independiente\/wp-json\/wp\/v2\/posts\/22173"}],"collection":[{"href":"https:\/\/www.locoxelrojo.com\/independiente\/wp-json\/wp\/v2\/posts"}],"about":[{"href":"https:\/\/www.locoxelrojo.com\/independiente\/wp-json\/wp\/v2\/types\/post"}],"author":[{"embeddable":true,"href":"https:\/\/www.locoxelrojo.com\/independiente\/wp-json\/wp\/v2\/users\/1"}],"replies":[{"embeddable":true,"href":"https:\/\/www.locoxelrojo.com\/independiente\/wp-json\/wp\/v2\/comments?post=22173"}],"version-history":[{"count":0,"href":"https:\/\/www.locoxelrojo.com\/independiente\/wp-json\/wp\/v2\/posts\/22173\/revisions"}],"wp:attachment":[{"href":"https:\/\/www.locoxelrojo.com\/independiente\/wp-json\/wp\/v2\/media?parent=22173"}],"wp:term":[{"taxonomy":"category","embeddable":true,"href":"https:\/\/www.locoxelrojo.com\/independiente\/wp-json\/wp\/v2\/categories?post=22173"},{"taxonomy":"post_tag","embeddable":true,"href":"https:\/\/www.locoxelrojo.com\/independiente\/wp-json\/wp\/v2\/tags?post=22173"}],"curies":[{"name":"wp","href":"https:\/\/api.w.org\/{rel}","templated":true}]}}