{"id":22216,"date":"2012-09-23T17:15:38","date_gmt":"2012-09-23T20:15:38","guid":{"rendered":"http:\/\/www.locoxelrojo.com.ar\/independiente\/?p=22216"},"modified":"2015-09-28T20:53:48","modified_gmt":"2015-09-28T23:53:48","slug":"ojeda-estamos-confusos-porque-no-sabemos-que-va-a-pasar","status":"publish","type":"post","link":"https:\/\/www.locoxelrojo.com\/independiente\/2012\/09\/23\/ojeda-estamos-confusos-porque-no-sabemos-que-va-a-pasar\/","title":{"rendered":"Ojeda: &#8220;Estamos confusos porque no sabemos qu\u00e9 va a pasar&#8221;"},"content":{"rendered":"<p><a href=\"http:\/\/www.locoxelrojo.com.ar\/independiente\/wp-content\/uploads\/2012\/09\/Sergio_Ojeda.jpg\"><img loading=\"lazy\" class=\"alignnone size-full wp-image-22230\" title=\"Sergio_Ojeda\" src=\"http:\/\/www.locoxelrojo.com.ar\/independiente\/wp-content\/uploads\/2012\/09\/Sergio_Ojeda.jpg\" alt=\"\" width=\"590\" height=\"315\" srcset=\"https:\/\/locoxelrojo.com\/independiente\/wp-content\/uploads\/2012\/09\/Sergio_Ojeda.jpg 590w, https:\/\/locoxelrojo.com\/independiente\/wp-content\/uploads\/2012\/09\/Sergio_Ojeda-300x160.jpg 300w\" sizes=\"(max-width: 590px) 100vw, 590px\" \/><\/a><\/p>\n<p><strong>Sergio Ojeda<\/strong> admiti\u00f3 que les causa intriga conocer cual va a ser el pr\u00f3ximo entrenador y destac\u00f3 que ser\u00eda lindo volver al Libertadores de Am\u00e9rica, a pesar de que el campo de juego no lo permite. <strong>&#8220;Fue un partido medio raro, el primer tiempo no nos llegaron con peligro y lo controlamos. En el segundo salimos a buscar el partido con tranquilidad y quedamos mal parados&#8221;<\/strong>, asumi\u00f3 el defensor.<\/p>\n<p>Luego, agreg\u00f3: &#8220;<strong>Nos encontramos con un gol y se nos hizo cuesta arriba. En el segundo nos pas\u00f3 lo mismo. No estamos teniendo llegada y nos est\u00e1n convirtiendo mucho, eso no nos pasaba&#8221;<\/strong>. Consultado sobre el pr\u00f3ximo entrenador, desliz\u00f3: <strong>&#8220;Salimos a la cancha a responder a cualquier tecnico. Estamos en busca de un sue\u00f1o, pero confusos porque no sabemos que va a pasar&#8221;.<\/strong><\/p>\n<p>Por \u00faltimo pidi\u00f3 por un sue\u00f1o lejano, considerando que las canchas no est\u00e1n en condiciones para entrenar, ni para jugar los partidos.<strong> &#8220;Motiva jugar el preliminar en el Libertadores de Am\u00e9rica. Ser\u00eda buen\u00edsimo, pero entendemos que la cancha no est\u00e1 en buenas condiciones&#8221;<\/strong>, dijo. Y concluyo refiri\u00e9ndose a sus posibilidades en primera<strong>. &#8220;Entren\u00e9 2 o 3 d\u00edas, pero no habl\u00e9 con el Tolo. Todos juntos desde la pre novena hasta la primera vamos a salir adelante&#8221;.<\/strong><\/p>\n","protected":false},"excerpt":{"rendered":"<p>Sergio Ojeda admiti\u00f3 que les causa intriga conocer cual va a ser el pr\u00f3ximo entrenador y destac\u00f3 que ser\u00eda lindo volver al Libertadores de Am\u00e9rica, a pesar de que el campo de juego no lo permite. &#8220;Fue un partido medio raro, el primer tiempo no nos llegaron con peligro y lo controlamos. En el segundo [&hellip;]<\/p>\n","protected":false},"author":12,"featured_media":0,"comment_status":"open","ping_status":"open","sticky":false,"template":"","format":"standard","meta":{"_links_to":"","_links_to_target":""},"categories":[3,5,1],"tags":[156,153,3270,997],"_links":{"self":[{"href":"https:\/\/www.locoxelrojo.com\/independiente\/wp-json\/wp\/v2\/posts\/22216"}],"collection":[{"href":"https:\/\/www.locoxelrojo.com\/independiente\/wp-json\/wp\/v2\/posts"}],"about":[{"href":"https:\/\/www.locoxelrojo.com\/independiente\/wp-json\/wp\/v2\/types\/post"}],"author":[{"embeddable":true,"href":"https:\/\/www.locoxelrojo.com\/independiente\/wp-json\/wp\/v2\/users\/12"}],"replies":[{"embeddable":true,"href":"https:\/\/www.locoxelrojo.com\/independiente\/wp-json\/wp\/v2\/comments?post=22216"}],"version-history":[{"count":0,"href":"https:\/\/www.locoxelrojo.com\/independiente\/wp-json\/wp\/v2\/posts\/22216\/revisions"}],"wp:attachment":[{"href":"https:\/\/www.locoxelrojo.com\/independiente\/wp-json\/wp\/v2\/media?parent=22216"}],"wp:term":[{"taxonomy":"category","embeddable":true,"href":"https:\/\/www.locoxelrojo.com\/independiente\/wp-json\/wp\/v2\/categories?post=22216"},{"taxonomy":"post_tag","embeddable":true,"href":"https:\/\/www.locoxelrojo.com\/independiente\/wp-json\/wp\/v2\/tags?post=22216"}],"curies":[{"name":"wp","href":"https:\/\/api.w.org\/{rel}","templated":true}]}}