{"id":22238,"date":"2012-09-24T17:52:19","date_gmt":"2012-09-24T20:52:19","guid":{"rendered":"http:\/\/www.locoxelrojo.com.ar\/independiente\/?p=22238"},"modified":"2015-09-28T20:54:36","modified_gmt":"2015-09-28T23:54:36","slug":"concentrados-vs-liverpool","status":"publish","type":"post","link":"https:\/\/www.locoxelrojo.com\/independiente\/2012\/09\/24\/concentrados-vs-liverpool\/","title":{"rendered":"Concentrados vs. Liverpool"},"content":{"rendered":"<p><a href=\"http:\/\/www.locoxelrojo.com.ar\/independiente\/wp-content\/uploads\/2012\/09\/Entrenamiento-23.jpg\"><img loading=\"lazy\" class=\"alignnone size-full wp-image-22239\" title=\"Entrenamiento 23\" src=\"http:\/\/www.locoxelrojo.com.ar\/independiente\/wp-content\/uploads\/2012\/09\/Entrenamiento-23.jpg\" alt=\"\" width=\"590\" height=\"315\" srcset=\"https:\/\/locoxelrojo.com\/independiente\/wp-content\/uploads\/2012\/09\/Entrenamiento-23.jpg 590w, https:\/\/locoxelrojo.com\/independiente\/wp-content\/uploads\/2012\/09\/Entrenamiento-23-300x160.jpg 300w\" sizes=\"(max-width: 590px) 100vw, 590px\" \/><\/a><\/p>\n<p>Esta tarde se dio a conocer la lista de concentrados para el encuentro de ma\u00f1ana ante el Liverpool uruguayo por la ida de los octavos de final de la Copa Sudamericana. Son 18, inclu\u00eddos juveniles y jugadores grandes.<\/p>\n<p><strong>La novedad pasa por la inclusi\u00f3n de Roberto Russo<\/strong>, quien vuelve a una concentraci\u00f3n. Adem\u00e1s,<strong> Jonathan Santana, Osmar Ferreyra, Roberto Batti\u00f3n, Juli\u00e1n Vel\u00e1zquez y Luciano Leguizam\u00f3n<\/strong> no ser\u00e1n parte de los elegidos.<\/p>\n<p>La lista de los 18:<\/p>\n<p><strong>Arqueros:<\/strong> Hilario Navarro y Diego Rodr\u00edguez.<\/p>\n<p><strong>Defensores:<\/strong> Gabriel Vall\u00e9s, Roberto Russo, Samuel C\u00e1ceres, <a href=\"http:\/\/www.locoxelrojo.com.ar\/independiente\/2012\/09\/24\/galeano-la-prioridad-es-el-campeonato\/\">Leonel Galeano<\/a>, Claudio Morel Rodr\u00edguez y Lucas Villalba.<\/p>\n<p><strong>Volantes:<\/strong> V\u00edctor Zapata, Paulo Rosales, Hern\u00e1n Fredes, Fernando Godoy, Fabi\u00e1n Vargas, Lucas Villafa\u00f1ez y Federico Mancuello.<\/p>\n<p><strong>Delanteros:<\/strong> Patricio Vidal, Ernesto Far\u00edas y Mart\u00edn Ben\u00edtez.<\/p>\n","protected":false},"excerpt":{"rendered":"<p>Esta tarde se dio a conocer la lista de concentrados para el encuentro de ma\u00f1ana ante el Liverpool uruguayo por la ida de los octavos de final de la Copa Sudamericana. Son 18, inclu\u00eddos juveniles y jugadores grandes. La novedad pasa por la inclusi\u00f3n de Roberto Russo, quien vuelve a una concentraci\u00f3n. Adem\u00e1s, Jonathan Santana, [&hellip;]<\/p>\n","protected":false},"author":11,"featured_media":0,"comment_status":"open","ping_status":"open","sticky":false,"template":"","format":"standard","meta":{"_links_to":"","_links_to_target":""},"categories":[3,1],"tags":[153,3058,1604],"_links":{"self":[{"href":"https:\/\/www.locoxelrojo.com\/independiente\/wp-json\/wp\/v2\/posts\/22238"}],"collection":[{"href":"https:\/\/www.locoxelrojo.com\/independiente\/wp-json\/wp\/v2\/posts"}],"about":[{"href":"https:\/\/www.locoxelrojo.com\/independiente\/wp-json\/wp\/v2\/types\/post"}],"author":[{"embeddable":true,"href":"https:\/\/www.locoxelrojo.com\/independiente\/wp-json\/wp\/v2\/users\/11"}],"replies":[{"embeddable":true,"href":"https:\/\/www.locoxelrojo.com\/independiente\/wp-json\/wp\/v2\/comments?post=22238"}],"version-history":[{"count":0,"href":"https:\/\/www.locoxelrojo.com\/independiente\/wp-json\/wp\/v2\/posts\/22238\/revisions"}],"wp:attachment":[{"href":"https:\/\/www.locoxelrojo.com\/independiente\/wp-json\/wp\/v2\/media?parent=22238"}],"wp:term":[{"taxonomy":"category","embeddable":true,"href":"https:\/\/www.locoxelrojo.com\/independiente\/wp-json\/wp\/v2\/categories?post=22238"},{"taxonomy":"post_tag","embeddable":true,"href":"https:\/\/www.locoxelrojo.com\/independiente\/wp-json\/wp\/v2\/tags?post=22238"}],"curies":[{"name":"wp","href":"https:\/\/api.w.org\/{rel}","templated":true}]}}