{"id":22248,"date":"2012-09-24T17:30:59","date_gmt":"2012-09-24T20:30:59","guid":{"rendered":"http:\/\/www.locoxelrojo.com.ar\/independiente\/?p=22248"},"modified":"2015-09-28T20:54:06","modified_gmt":"2015-09-28T23:54:06","slug":"el-11-%c2%bfalterantivo","status":"publish","type":"post","link":"https:\/\/www.locoxelrojo.com\/independiente\/2012\/09\/24\/el-11-%c2%bfalterantivo\/","title":{"rendered":"\u00bf11 alternativo?"},"content":{"rendered":"<p><a href=\"http:\/\/www.locoxelrojo.com.ar\/independiente\/wp-content\/uploads\/2012\/09\/Lucas_Villafa\u00f1ez.jpg\"><img loading=\"lazy\" class=\"alignnone size-full wp-image-22249\" title=\"Lucas_Villafa\u00f1ez\" src=\"http:\/\/www.locoxelrojo.com.ar\/independiente\/wp-content\/uploads\/2012\/09\/Lucas_Villafa\u00f1ez.jpg\" alt=\"\" width=\"590\" height=\"315\" srcset=\"https:\/\/locoxelrojo.com\/independiente\/wp-content\/uploads\/2012\/09\/Lucas_Villafa\u00f1ez.jpg 590w, https:\/\/locoxelrojo.com\/independiente\/wp-content\/uploads\/2012\/09\/Lucas_Villafa\u00f1ez-300x160.jpg 300w\" sizes=\"(max-width: 590px) 100vw, 590px\" \/><\/a><\/p>\n<p>Pasadas las 15:30 comenz\u00f3 el entrenamiento en Villa Dom\u00ednico de cara al choque del martes 21:15 frente a Liverpool de Uruguay por los octavos de final de la Copa Sudamericana. <strong>Independiente hizo f\u00fatbol, trabajos t\u00e1cticos y trabaj\u00f3 la pelota parada<\/strong>. Luego, Am\u00e9rico Rub\u00e9n Gallego dio la <a href=\"http:\/\/www.locoxelrojo.com.ar\/independiente\/2012\/09\/24\/concentrados-vs-liverpool\/\"><strong><em>lista de concentrados<\/em><\/strong><\/a>.<\/p>\n<p>Si bien la pr\u00e1ctica fue a puertas cerradas, el Rojo saldr\u00eda a la cancha con <strong>Diego Rodr\u00edguez; Gabriel Vall\u00e9s, <a href=\"http:\/\/www.locoxelrojo.com.ar\/independiente\/2012\/09\/24\/galeano-la-prioridad-es-el-campeonato\/\">Leonel Galeano<\/a>, Samuel C\u00e1ceres y Claudio Morel Rodr\u00edguez; Fabi\u00e1n Vargas y V\u00edctor Zapata; Lucas Villafa\u00f1ez, Paulo Rosales y Federico Mancuello; Patricio Vidal. <\/strong><\/p>\n<p><strong>El 4-2-3-1 servir\u00e1 para que Vargas y Zapata sumen minutos de juego.<\/strong> El Chapa volver\u00e1 al campo de juego tras su mini pretemporada con trabajos diferenciados.<strong> Santana no est\u00e1 dentro de los concentrados y Lucas Villalba ocupa el lugar en la lista de buena fe que dej\u00f3 Fabi\u00e1n Monserrat.<\/strong><\/p>\n","protected":false},"excerpt":{"rendered":"<p>Pasadas las 15:30 comenz\u00f3 el entrenamiento en Villa Dom\u00ednico de cara al choque del martes 21:15 frente a Liverpool de Uruguay por los octavos de final de la Copa Sudamericana. Independiente hizo f\u00fatbol, trabajos t\u00e1cticos y trabaj\u00f3 la pelota parada. Luego, Am\u00e9rico Rub\u00e9n Gallego dio la lista de concentrados. Si bien la pr\u00e1ctica fue a [&hellip;]<\/p>\n","protected":false},"author":1,"featured_media":0,"comment_status":"open","ping_status":"open","sticky":false,"template":"","format":"standard","meta":{"_links_to":"","_links_to_target":""},"categories":[7,3,1],"tags":[153,1751,1604,1560,1618,1571],"_links":{"self":[{"href":"https:\/\/www.locoxelrojo.com\/independiente\/wp-json\/wp\/v2\/posts\/22248"}],"collection":[{"href":"https:\/\/www.locoxelrojo.com\/independiente\/wp-json\/wp\/v2\/posts"}],"about":[{"href":"https:\/\/www.locoxelrojo.com\/independiente\/wp-json\/wp\/v2\/types\/post"}],"author":[{"embeddable":true,"href":"https:\/\/www.locoxelrojo.com\/independiente\/wp-json\/wp\/v2\/users\/1"}],"replies":[{"embeddable":true,"href":"https:\/\/www.locoxelrojo.com\/independiente\/wp-json\/wp\/v2\/comments?post=22248"}],"version-history":[{"count":0,"href":"https:\/\/www.locoxelrojo.com\/independiente\/wp-json\/wp\/v2\/posts\/22248\/revisions"}],"wp:attachment":[{"href":"https:\/\/www.locoxelrojo.com\/independiente\/wp-json\/wp\/v2\/media?parent=22248"}],"wp:term":[{"taxonomy":"category","embeddable":true,"href":"https:\/\/www.locoxelrojo.com\/independiente\/wp-json\/wp\/v2\/categories?post=22248"},{"taxonomy":"post_tag","embeddable":true,"href":"https:\/\/www.locoxelrojo.com\/independiente\/wp-json\/wp\/v2\/tags?post=22248"}],"curies":[{"name":"wp","href":"https:\/\/api.w.org\/{rel}","templated":true}]}}