{"id":22444,"date":"2012-09-27T14:20:00","date_gmt":"2012-09-27T17:20:00","guid":{"rendered":"http:\/\/www.locoxelrojo.com.ar\/independiente\/?p=22444"},"modified":"2015-09-28T21:04:34","modified_gmt":"2015-09-29T00:04:34","slug":"los-que-viajan-a-santa-fe","status":"publish","type":"post","link":"https:\/\/www.locoxelrojo.com\/independiente\/2012\/09\/27\/los-que-viajan-a-santa-fe\/","title":{"rendered":"Concentrados vs. Uni\u00f3n"},"content":{"rendered":"<p><a href=\"http:\/\/www.locoxelrojo.com.ar\/independiente\/wp-content\/uploads\/2012\/09\/cai-viaje-stafe.jpg\"><img loading=\"lazy\" class=\"alignnone size-full wp-image-22445\" title=\"cai-viaje-stafe\" src=\"http:\/\/www.locoxelrojo.com.ar\/independiente\/wp-content\/uploads\/2012\/09\/cai-viaje-stafe.jpg\" alt=\"\" width=\"590\" height=\"315\" srcset=\"https:\/\/locoxelrojo.com\/independiente\/wp-content\/uploads\/2012\/09\/cai-viaje-stafe.jpg 590w, https:\/\/locoxelrojo.com\/independiente\/wp-content\/uploads\/2012\/09\/cai-viaje-stafe-300x160.jpg 300w\" sizes=\"(max-width: 590px) 100vw, 590px\" \/><\/a><\/p>\n<p>Independiente se entren\u00f3 esta ma\u00f1ana de cara al pr\u00f3ximo encuentro por el Torneo Inicial 2012. El Rojo tiene que viajar a Santa Fe para enfrentar a Uni\u00f3n el pr\u00f3ximo domingo, finalmente a las 17:15 hs, luego de varios cambios de horario.<\/p>\n<p><strong>Los dirigidos por Am\u00e9rico Rub\u00e9n Gallego har\u00e1n ma\u00f1ana la \u00faltima pr\u00e1ctica de la semana en Villa Dom\u00ednico y al t\u00e9rmino del almuerzo parte rumbo a la ciudad santafesina. La sorpresa es la inclusi\u00f3n de Alexis Z\u00e1rate. El juvenil de La Piponeta, tendr\u00e1 la experiencia de concentrar junto al Plantel Profesional.<\/strong><\/p>\n<p><strong>A continuaci\u00f3n la lista de jugadores concentrados:<\/strong><\/p>\n<p><strong>Arqueros: <\/strong>Hilario Navarro, Diego Rodr\u00edguez.<\/p>\n<p><strong>Defensores: <\/strong>Gabriel Vall\u00e9s, Juli\u00e1n Vel\u00e1zquez, Leonel Galeano,\u00a0Samuel C\u00e1ceres, Claudio Morel Rodr\u00edguez, Juan Manuel Trejo, Alexis Z\u00e1rate.<\/p>\n<p><strong>Mediocampistas: <\/strong>Roberto Batti\u00f3n, Fabi\u00e1n Vargas, Osmar Ferreyra, Lucas Villaf\u00e1\u00f1ez, Jonathan Santana, V\u00edctor Zapata, Hern\u00e1n Fredes, Paulo Rosales.<\/p>\n<p><strong>Delanteros: <\/strong>Ernesto Far\u00edas, Luciano Leguizam\u00f3n, Patricio Vidal.<\/p>\n","protected":false},"excerpt":{"rendered":"<p>Independiente se entren\u00f3 esta ma\u00f1ana de cara al pr\u00f3ximo encuentro por el Torneo Inicial 2012. El Rojo tiene que viajar a Santa Fe para enfrentar a Uni\u00f3n el pr\u00f3ximo domingo, finalmente a las 17:15 hs, luego de varios cambios de horario. Los dirigidos por Am\u00e9rico Rub\u00e9n Gallego har\u00e1n ma\u00f1ana la \u00faltima pr\u00e1ctica de la semana [&hellip;]<\/p>\n","protected":false},"author":1,"featured_media":0,"comment_status":"open","ping_status":"open","sticky":false,"template":"","format":"standard","meta":{"_links_to":"","_links_to_target":""},"categories":[3,1],"tags":[153,2913,3056],"_links":{"self":[{"href":"https:\/\/www.locoxelrojo.com\/independiente\/wp-json\/wp\/v2\/posts\/22444"}],"collection":[{"href":"https:\/\/www.locoxelrojo.com\/independiente\/wp-json\/wp\/v2\/posts"}],"about":[{"href":"https:\/\/www.locoxelrojo.com\/independiente\/wp-json\/wp\/v2\/types\/post"}],"author":[{"embeddable":true,"href":"https:\/\/www.locoxelrojo.com\/independiente\/wp-json\/wp\/v2\/users\/1"}],"replies":[{"embeddable":true,"href":"https:\/\/www.locoxelrojo.com\/independiente\/wp-json\/wp\/v2\/comments?post=22444"}],"version-history":[{"count":0,"href":"https:\/\/www.locoxelrojo.com\/independiente\/wp-json\/wp\/v2\/posts\/22444\/revisions"}],"wp:attachment":[{"href":"https:\/\/www.locoxelrojo.com\/independiente\/wp-json\/wp\/v2\/media?parent=22444"}],"wp:term":[{"taxonomy":"category","embeddable":true,"href":"https:\/\/www.locoxelrojo.com\/independiente\/wp-json\/wp\/v2\/categories?post=22444"},{"taxonomy":"post_tag","embeddable":true,"href":"https:\/\/www.locoxelrojo.com\/independiente\/wp-json\/wp\/v2\/tags?post=22444"}],"curies":[{"name":"wp","href":"https:\/\/api.w.org\/{rel}","templated":true}]}}