{"id":22468,"date":"2012-09-28T01:28:00","date_gmt":"2012-09-28T04:28:00","guid":{"rendered":"http:\/\/www.locoxelrojo.com.ar\/independiente\/?p=22468"},"modified":"2015-09-28T21:05:18","modified_gmt":"2015-09-29T00:05:18","slug":"cantero-se-dice-cada-cosa-el-tolo-va-a-estar-en-el-banco-el-domingo","status":"publish","type":"post","link":"https:\/\/www.locoxelrojo.com\/independiente\/2012\/09\/28\/cantero-se-dice-cada-cosa-el-tolo-va-a-estar-en-el-banco-el-domingo\/","title":{"rendered":"Cantero: &#8220;El Tolo va a estar en el banco el domingo&#8221;"},"content":{"rendered":"<p><a href=\"http:\/\/www.locoxelrojo.com.ar\/independiente\/wp-content\/uploads\/2012\/09\/cantero-nota.jpg\"><img loading=\"lazy\" class=\"alignnone size-full wp-image-22476\" title=\"cantero-nota\" src=\"http:\/\/www.locoxelrojo.com.ar\/independiente\/wp-content\/uploads\/2012\/09\/cantero-nota.jpg\" alt=\"\" width=\"590\" height=\"315\" srcset=\"https:\/\/locoxelrojo.com\/independiente\/wp-content\/uploads\/2012\/09\/cantero-nota.jpg 590w, https:\/\/locoxelrojo.com\/independiente\/wp-content\/uploads\/2012\/09\/cantero-nota-300x160.jpg 300w\" sizes=\"(max-width: 590px) 100vw, 590px\" \/><\/a><\/p>\n<p>Javier Cantero pas\u00f3 anoche por el programa partidario De La Cuna Al Infierno en los festejos de las 200 emisiones. El Presidente de Independiente no solo habl\u00f3 de f\u00fatbol, sino tambi\u00e9n defendi\u00f3 la elecci\u00f3n de los refuerzos, le contest\u00f3 a Ram\u00f3n D\u00edaz y explic\u00f3 que su relaci\u00f3n con Grondona es muy buena.<\/p>\n<p><strong>&#8220;No tengo duda de que ganaremos la batalla. No buscamos solamente al Tolo, en la lista estaban Pekerman y Fosatti tambi\u00e9n. Yo no soy quien para ir a decirle a Gallego como jugar, pero a \u00e9l le gusta nuestra forma de ver el juego&#8221;<\/strong>, expres\u00f3 en relaci\u00f3n al presente futbol\u00edstico del club. Tambi\u00e9n aclar\u00f3 que Am\u00e9rico Rub\u00e9n Gallego est\u00e1 habilitado para dirigir el pr\u00f3ximo domingo: <strong>&#8220;Se dice cada cosa&#8230; el Tolo va a estar en el banco el domingo, por supuesto&#8221;.<\/strong><\/p>\n<p><strong>&#8220;El equipo que yo quer\u00eda cuando lo armamos, todav\u00eda no jug\u00f3. Esperemos que corran un poco m\u00e1s de partidos. Por suerte pudimos traer a los jugadores sin poner dinero. En diciembre vamos a necesitar grupos inversores&#8221;<\/strong>, explic\u00f3 sobre los refuerzos que llegaron al club para este semestre.<\/p>\n<p>Se tom\u00f3 unos minutos para contestarle a Ram\u00f3n D\u00edaz, quien en el programa &#8220;Marca y Presi\u00f3n&#8221; que conduce Marcelo Palacios por TyC Sports se mostr\u00f3 molesto por los refuerzos que esta dirigencia le trajo a Cristian D\u00edaz y los que llegaron cuando \u00e9l era entrenador. <strong>&#8220;Se pod\u00edan traer 2 refuerzos cuando estaba Ram\u00f3n. Traje a Far\u00edas y a Defederico, que me lo pidi\u00f3 de rodillas. Es una buena persona, buen entrenador, pero le fue mal en Independiente&#8221;<\/strong>, manifest\u00f3.<\/p>\n<p>Por \u00faltimo, habl\u00f3 sobre su relaci\u00f3n con la AFA y Julio Grondona: <strong>&#8220;La posici\u00f3n que tenemos ahora en AFA es de las mejores. Dudo que alg\u00fan otro club este mucho mejor que nosotros. No tengo porque no confiar en Grondona. Es uno de los que m\u00e1s me ha apoyado. Se lo tengo que agradecer&#8221;<\/strong>.<\/p>\n","protected":false},"excerpt":{"rendered":"<p>Javier Cantero pas\u00f3 anoche por el programa partidario De La Cuna Al Infierno en los festejos de las 200 emisiones. El Presidente de Independiente no solo habl\u00f3 de f\u00fatbol, sino tambi\u00e9n defendi\u00f3 la elecci\u00f3n de los refuerzos, le contest\u00f3 a Ram\u00f3n D\u00edaz y explic\u00f3 que su relaci\u00f3n con Grondona es muy buena. &#8220;No tengo duda [&hellip;]<\/p>\n","protected":false},"author":1,"featured_media":0,"comment_status":"open","ping_status":"open","sticky":false,"template":"","format":"standard","meta":{"_links_to":"","_links_to_target":""},"categories":[3,4,1],"tags":[153,681,723,833,500],"_links":{"self":[{"href":"https:\/\/www.locoxelrojo.com\/independiente\/wp-json\/wp\/v2\/posts\/22468"}],"collection":[{"href":"https:\/\/www.locoxelrojo.com\/independiente\/wp-json\/wp\/v2\/posts"}],"about":[{"href":"https:\/\/www.locoxelrojo.com\/independiente\/wp-json\/wp\/v2\/types\/post"}],"author":[{"embeddable":true,"href":"https:\/\/www.locoxelrojo.com\/independiente\/wp-json\/wp\/v2\/users\/1"}],"replies":[{"embeddable":true,"href":"https:\/\/www.locoxelrojo.com\/independiente\/wp-json\/wp\/v2\/comments?post=22468"}],"version-history":[{"count":0,"href":"https:\/\/www.locoxelrojo.com\/independiente\/wp-json\/wp\/v2\/posts\/22468\/revisions"}],"wp:attachment":[{"href":"https:\/\/www.locoxelrojo.com\/independiente\/wp-json\/wp\/v2\/media?parent=22468"}],"wp:term":[{"taxonomy":"category","embeddable":true,"href":"https:\/\/www.locoxelrojo.com\/independiente\/wp-json\/wp\/v2\/categories?post=22468"},{"taxonomy":"post_tag","embeddable":true,"href":"https:\/\/www.locoxelrojo.com\/independiente\/wp-json\/wp\/v2\/tags?post=22468"}],"curies":[{"name":"wp","href":"https:\/\/api.w.org\/{rel}","templated":true}]}}