{"id":22752,"date":"2012-10-07T21:21:48","date_gmt":"2012-10-08T00:21:48","guid":{"rendered":"http:\/\/www.locoxelrojo.com.ar\/independiente\/?p=22752"},"modified":"2015-09-28T21:30:30","modified_gmt":"2015-09-29T00:30:30","slug":"ficha-del-partido-vs-rafaela-2","status":"publish","type":"post","link":"https:\/\/www.locoxelrojo.com\/independiente\/2012\/10\/07\/ficha-del-partido-vs-rafaela-2\/","title":{"rendered":"Ficha del partido vs. Atl\u00e9tico Rafaela"},"content":{"rendered":"<p><a href=\"http:\/\/www.locoxelrojo.com.ar\/independiente\/wp-content\/uploads\/2012\/10\/ficha-cai-rafaela.jpg\"><img loading=\"lazy\" class=\"alignnone size-full wp-image-22753\" title=\"ficha-cai-rafaela\" src=\"http:\/\/www.locoxelrojo.com.ar\/independiente\/wp-content\/uploads\/2012\/10\/ficha-cai-rafaela.jpg\" alt=\"\" width=\"590\" height=\"315\" srcset=\"https:\/\/locoxelrojo.com\/independiente\/wp-content\/uploads\/2012\/10\/ficha-cai-rafaela.jpg 590w, https:\/\/locoxelrojo.com\/independiente\/wp-content\/uploads\/2012\/10\/ficha-cai-rafaela-300x160.jpg 300w\" sizes=\"(max-width: 590px) 100vw, 590px\" \/><\/a><\/p>\n<p><strong>Independiente (2):<\/strong> Hilario Navarro; Gabriel Vall\u00e9s, Juli\u00e1n Vel\u00e1zquez, Leonel Galeano, Claudio Morel Rodr\u00edguez; Fabi\u00e1n Vargas, Roberto Batti\u00f3n, V\u00edctor Zapata, Osmar Ferreyra; Luciano Leguizam\u00f3n y Ernesto Far\u00edas.\u00a0DT: Am\u00e9rico Rub\u00e9n Gallego.<\/p>\n<p><strong>Atl\u00e9tico Rafaela (0):<\/strong> Guillermo Sara; Cristian Vella, Fabricio Fontanini, Lucas Bovaglio, Juan Eluchans; Sebasti\u00e1n Carrera, Iv\u00e1n Ju\u00e1rez, Ra\u00fal Ferro; Sebasti\u00e1n Grazzini; C\u00e9sar Carignano y Federico Gonz\u00e1lez.\u00a0DT: Rub\u00e9n Forestello.<\/p>\n<p><strong>Goles:<\/strong> 11&#8242; PT Luciano Leguizam\u00f3n (I) y 24&#8242; ST Osmar Ferreyra (I).<\/p>\n<p><strong>Cambios:<\/strong> 25&#8242; PT\u00a0Paulo Rosales por Leguizam\u00f3n (I), 19&#8242; ST Nicol\u00e1s Capellino por Gonz\u00e1lez (AR), 26&#8242; Hern\u00e1n Fredes por Zapata (I), 27&#8242; Dar\u00edo Gand\u00edn por Carrera (AR), 41&#8242; Lucas Villaf\u00e1\u00f1ez por Vargas (I) y 42&#8242; Walter Serrano por Ju\u00e1rez (AR).<\/p>\n<p><strong>Amonestados:<\/strong>\u00a027&#8242; PT Ju\u00e1rez (AR) y 25&#8242; ST Ferreyra (I).<\/p>\n<p><strong>Expulsados:<\/strong> No hubo.<\/p>\n<p><strong>\u00c1rbitro:<\/strong> Mauro Vigliano.<\/p>\n<p><strong>Estadio:<\/strong>\u00a0Libertadores de Am\u00e9rica.<\/p>\n","protected":false},"excerpt":{"rendered":"<p>Independiente (2): Hilario Navarro; Gabriel Vall\u00e9s, Juli\u00e1n Vel\u00e1zquez, Leonel Galeano, Claudio Morel Rodr\u00edguez; Fabi\u00e1n Vargas, Roberto Batti\u00f3n, V\u00edctor Zapata, Osmar Ferreyra; Luciano Leguizam\u00f3n y Ernesto Far\u00edas.\u00a0DT: Am\u00e9rico Rub\u00e9n Gallego. Atl\u00e9tico Rafaela (0): Guillermo Sara; Cristian Vella, Fabricio Fontanini, Lucas Bovaglio, Juan Eluchans; Sebasti\u00e1n Carrera, Iv\u00e1n Ju\u00e1rez, Ra\u00fal Ferro; Sebasti\u00e1n Grazzini; C\u00e9sar Carignano y Federico Gonz\u00e1lez.\u00a0DT: [&hellip;]<\/p>\n","protected":false},"author":11,"featured_media":0,"comment_status":"open","ping_status":"open","sticky":false,"template":"","format":"standard","meta":{"_links_to":"","_links_to_target":""},"categories":[1988,3,1],"tags":[912,153,295,3056,660],"_links":{"self":[{"href":"https:\/\/www.locoxelrojo.com\/independiente\/wp-json\/wp\/v2\/posts\/22752"}],"collection":[{"href":"https:\/\/www.locoxelrojo.com\/independiente\/wp-json\/wp\/v2\/posts"}],"about":[{"href":"https:\/\/www.locoxelrojo.com\/independiente\/wp-json\/wp\/v2\/types\/post"}],"author":[{"embeddable":true,"href":"https:\/\/www.locoxelrojo.com\/independiente\/wp-json\/wp\/v2\/users\/11"}],"replies":[{"embeddable":true,"href":"https:\/\/www.locoxelrojo.com\/independiente\/wp-json\/wp\/v2\/comments?post=22752"}],"version-history":[{"count":0,"href":"https:\/\/www.locoxelrojo.com\/independiente\/wp-json\/wp\/v2\/posts\/22752\/revisions"}],"wp:attachment":[{"href":"https:\/\/www.locoxelrojo.com\/independiente\/wp-json\/wp\/v2\/media?parent=22752"}],"wp:term":[{"taxonomy":"category","embeddable":true,"href":"https:\/\/www.locoxelrojo.com\/independiente\/wp-json\/wp\/v2\/categories?post=22752"},{"taxonomy":"post_tag","embeddable":true,"href":"https:\/\/www.locoxelrojo.com\/independiente\/wp-json\/wp\/v2\/tags?post=22752"}],"curies":[{"name":"wp","href":"https:\/\/api.w.org\/{rel}","templated":true}]}}