{"id":22863,"date":"2012-10-09T13:46:23","date_gmt":"2012-10-09T16:46:23","guid":{"rendered":"http:\/\/www.locoxelrojo.com.ar\/independiente\/?p=22863"},"modified":"2012-10-09T13:49:02","modified_gmt":"2012-10-09T16:49:02","slug":"el-rojo-volvio-a-las-practicas-luego-del-descanso","status":"publish","type":"post","link":"https:\/\/www.locoxelrojo.com\/independiente\/2012\/10\/09\/el-rojo-volvio-a-las-practicas-luego-del-descanso\/","title":{"rendered":"El Rojo volvi\u00f3 a las pr\u00e1cticas luego del descanso"},"content":{"rendered":"<p><a href=\"http:\/\/www.locoxelrojo.com.ar\/independiente\/wp-content\/uploads\/2012\/10\/entrenamiento11.jpg\"><img loading=\"lazy\" class=\"alignnone size-full wp-image-22864\" title=\"entrenamiento11\" src=\"http:\/\/www.locoxelrojo.com.ar\/independiente\/wp-content\/uploads\/2012\/10\/entrenamiento11.jpg\" alt=\"\" width=\"590\" height=\"315\" srcset=\"https:\/\/locoxelrojo.com\/independiente\/wp-content\/uploads\/2012\/10\/entrenamiento11.jpg 590w, https:\/\/locoxelrojo.com\/independiente\/wp-content\/uploads\/2012\/10\/entrenamiento11-300x160.jpg 300w\" sizes=\"(max-width: 590px) 100vw, 590px\" \/><\/a><\/p>\n<p>Luego de la victoria del domingo ante Rafaela y del lunes libre que otorg\u00f3 el entrenador, el plantel de Independiente comenz\u00f3 con unas largas jornadas de entrenamientos, aprovechando el parate de este fin de semana por las Eliminatorias Sudamericanas. El pr\u00f3ximo compromiso del equipo ser\u00e1 frente a Argentinos Juniors dentro de 10 d\u00edas.<\/p>\n<p><strong>Los que participaron del triunfo por 2 a 0 frente a la Crema ralizaron trabajos regenerativos, mientras que el resto de los jugadores, trotaron e hicieron ejercicios f\u00edsicos. <\/strong><\/p>\n<p><strong>La buena noticia para el Tolo Gallego pasa por la recuperaci\u00f3n de Eduardo Tuzzio y Cristian Tula. Ambos se entrenaron con normalidad y van a estar a disposici\u00f3n para el partido en La Paternal. Por otro lado, tanto Jonathan Santana como Luciano Leguizam\u00f3n, trabajaron en forma diferenciada.<\/strong><\/p>\n<p><strong>En estos d\u00edas, se van a venir varias jornadas en doble turno.<\/strong> Ma\u00f1ana mi\u00e9rcoles arranca la primera en Villa Dom\u00ednico. Para el jueves, Gallego dispuso otra con atenci\u00f3n a la prensa por la tarde.<\/p>\n","protected":false},"excerpt":{"rendered":"<p>Luego de la victoria del domingo ante Rafaela y del lunes libre que otorg\u00f3 el entrenador, el plantel de Independiente comenz\u00f3 con unas largas jornadas de entrenamientos, aprovechando el parate de este fin de semana por las Eliminatorias Sudamericanas. El pr\u00f3ximo compromiso del equipo ser\u00e1 frente a Argentinos Juniors dentro de 10 d\u00edas. Los que [&hellip;]<\/p>\n","protected":false},"author":1,"featured_media":0,"comment_status":"open","ping_status":"open","sticky":false,"template":"","format":"standard","meta":{"_links_to":"","_links_to_target":""},"categories":[3,1],"tags":[634,153,1615,135,1568,1644,35],"_links":{"self":[{"href":"https:\/\/www.locoxelrojo.com\/independiente\/wp-json\/wp\/v2\/posts\/22863"}],"collection":[{"href":"https:\/\/www.locoxelrojo.com\/independiente\/wp-json\/wp\/v2\/posts"}],"about":[{"href":"https:\/\/www.locoxelrojo.com\/independiente\/wp-json\/wp\/v2\/types\/post"}],"author":[{"embeddable":true,"href":"https:\/\/www.locoxelrojo.com\/independiente\/wp-json\/wp\/v2\/users\/1"}],"replies":[{"embeddable":true,"href":"https:\/\/www.locoxelrojo.com\/independiente\/wp-json\/wp\/v2\/comments?post=22863"}],"version-history":[{"count":0,"href":"https:\/\/www.locoxelrojo.com\/independiente\/wp-json\/wp\/v2\/posts\/22863\/revisions"}],"wp:attachment":[{"href":"https:\/\/www.locoxelrojo.com\/independiente\/wp-json\/wp\/v2\/media?parent=22863"}],"wp:term":[{"taxonomy":"category","embeddable":true,"href":"https:\/\/www.locoxelrojo.com\/independiente\/wp-json\/wp\/v2\/categories?post=22863"},{"taxonomy":"post_tag","embeddable":true,"href":"https:\/\/www.locoxelrojo.com\/independiente\/wp-json\/wp\/v2\/tags?post=22863"}],"curies":[{"name":"wp","href":"https:\/\/api.w.org\/{rel}","templated":true}]}}