{"id":22879,"date":"2012-10-09T15:14:48","date_gmt":"2012-10-09T18:14:48","guid":{"rendered":"http:\/\/www.locoxelrojo.com.ar\/independiente\/?p=22879"},"modified":"2012-10-09T15:14:48","modified_gmt":"2012-10-09T18:14:48","slug":"se-vienen-los-dobles-turnos","status":"publish","type":"post","link":"https:\/\/www.locoxelrojo.com\/independiente\/2012\/10\/09\/se-vienen-los-dobles-turnos\/","title":{"rendered":"Se vienen los dobles turnos"},"content":{"rendered":"<p><a href=\"http:\/\/www.locoxelrojo.com.ar\/independiente\/wp-content\/uploads\/2012\/10\/tolo-minipretemporada.jpg\"><img loading=\"lazy\" class=\"alignnone size-full wp-image-22880\" title=\"tolo-minipretemporada\" src=\"http:\/\/www.locoxelrojo.com.ar\/independiente\/wp-content\/uploads\/2012\/10\/tolo-minipretemporada.jpg\" alt=\"\" width=\"590\" height=\"315\" srcset=\"https:\/\/locoxelrojo.com\/independiente\/wp-content\/uploads\/2012\/10\/tolo-minipretemporada.jpg 590w, https:\/\/locoxelrojo.com\/independiente\/wp-content\/uploads\/2012\/10\/tolo-minipretemporada-300x160.jpg 300w\" sizes=\"(max-width: 590px) 100vw, 590px\" \/><\/a><\/p>\n<p>Aprovechando el parate de este fin de semana por las Eliminatorias Sudamericanas, <strong>Am\u00e9rico Rub\u00e9n Gallego junto a su Cuerpo T\u00e9cnico dispuso una serie de entrenamientos en doble turno para poner a punto f\u00edsicamente al plantel<\/strong>, de cara al \u00faltimo tramo del Torneo Inicial 2012.<\/p>\n<p>El pr\u00f3ximo compromiso de Independiente es frente a Argentinos Juniors el viernes 19 de octubre a las 21 hs en La Paternal. El Tolo espera poder recuperar a todos sus soldados en estos casi 10 d\u00edas de trabajo de minipretemporada.<\/p>\n<p><strong>Esta ma\u00f1ana en el predio de Villa Dom\u00ednico arranc\u00f3 la primera jornada, solo en turno matutino y tanto el mi\u00e9rcoles como el jueves, ya est\u00e1n programados los primeros dobles turnos.<\/strong> En un principio, la idea del entrenador era buscar alg\u00fan predio alejado para poder concentrar unod d\u00edas y tener a todo el grupo con \u00e9l, pero esto no se pudo concretar. Los entrenamientos ser\u00e1n en el mismo lugar de siempre.<\/p>\n","protected":false},"excerpt":{"rendered":"<p>Aprovechando el parate de este fin de semana por las Eliminatorias Sudamericanas, Am\u00e9rico Rub\u00e9n Gallego junto a su Cuerpo T\u00e9cnico dispuso una serie de entrenamientos en doble turno para poner a punto f\u00edsicamente al plantel, de cara al \u00faltimo tramo del Torneo Inicial 2012. El pr\u00f3ximo compromiso de Independiente es frente a Argentinos Juniors el [&hellip;]<\/p>\n","protected":false},"author":1,"featured_media":0,"comment_status":"open","ping_status":"open","sticky":false,"template":"","format":"standard","meta":{"_links_to":"","_links_to_target":""},"categories":[3,1],"tags":[634,153,35],"_links":{"self":[{"href":"https:\/\/www.locoxelrojo.com\/independiente\/wp-json\/wp\/v2\/posts\/22879"}],"collection":[{"href":"https:\/\/www.locoxelrojo.com\/independiente\/wp-json\/wp\/v2\/posts"}],"about":[{"href":"https:\/\/www.locoxelrojo.com\/independiente\/wp-json\/wp\/v2\/types\/post"}],"author":[{"embeddable":true,"href":"https:\/\/www.locoxelrojo.com\/independiente\/wp-json\/wp\/v2\/users\/1"}],"replies":[{"embeddable":true,"href":"https:\/\/www.locoxelrojo.com\/independiente\/wp-json\/wp\/v2\/comments?post=22879"}],"version-history":[{"count":0,"href":"https:\/\/www.locoxelrojo.com\/independiente\/wp-json\/wp\/v2\/posts\/22879\/revisions"}],"wp:attachment":[{"href":"https:\/\/www.locoxelrojo.com\/independiente\/wp-json\/wp\/v2\/media?parent=22879"}],"wp:term":[{"taxonomy":"category","embeddable":true,"href":"https:\/\/www.locoxelrojo.com\/independiente\/wp-json\/wp\/v2\/categories?post=22879"},{"taxonomy":"post_tag","embeddable":true,"href":"https:\/\/www.locoxelrojo.com\/independiente\/wp-json\/wp\/v2\/tags?post=22879"}],"curies":[{"name":"wp","href":"https:\/\/api.w.org\/{rel}","templated":true}]}}