{"id":22885,"date":"2012-10-09T15:44:09","date_gmt":"2012-10-09T18:44:09","guid":{"rendered":"http:\/\/www.locoxelrojo.com.ar\/independiente\/?p=22885"},"modified":"2012-10-09T15:44:09","modified_gmt":"2012-10-09T18:44:09","slug":"valles-con-las-victorias-todo-es-mas-facil","status":"publish","type":"post","link":"https:\/\/www.locoxelrojo.com\/independiente\/2012\/10\/09\/valles-con-las-victorias-todo-es-mas-facil\/","title":{"rendered":"Vall\u00e9s: &#8220;Con las victorias todo es m\u00e1s f\u00e1cil&#8221;"},"content":{"rendered":"<p><a href=\"http:\/\/www.locoxelrojo.com.ar\/independiente\/wp-content\/uploads\/2012\/10\/gabi-valles.jpg\"><img loading=\"lazy\" src=\"http:\/\/www.locoxelrojo.com.ar\/independiente\/wp-content\/uploads\/2012\/10\/gabi-valles.jpg\" alt=\"\" title=\"gabi-valles\" width=\"590\" height=\"315\" class=\"alignnone size-full wp-image-22886\" srcset=\"https:\/\/locoxelrojo.com\/independiente\/wp-content\/uploads\/2012\/10\/gabi-valles.jpg 590w, https:\/\/locoxelrojo.com\/independiente\/wp-content\/uploads\/2012\/10\/gabi-valles-300x160.jpg 300w\" sizes=\"(max-width: 590px) 100vw, 590px\" \/><\/a><\/p>\n<p>Gabriel Vall\u00e9s habl\u00f3 con radio La Red en la vuelta a los entrenamientos de Independiente, luego de la \u00faltima victoria d por 2 a 0 frente a Rafaela en el Libertadores de Am\u00e9rica. El lateral se mostr\u00f3 contento por la racha ganadora, pero advirti\u00f3 que no hay que relajarse porque <strong>&#8220;seguimos en una situaci\u00f3n dif\u00edcil&#8221;<\/strong>.<\/p>\n<p><strong>&#8220;Trabajamos muy bien y mejoramos partido tras partido, a\u00fan sin ganar. La victoria se ten\u00eda que dar&#8221;<\/strong>, fueron la palabras de Gabriel Vall\u00e9s, quien desde la llegada de Am\u00e9rico Gallego se gan\u00f3 el puesto como lateral derecho, relegando a Roberto Russo, uno de los refuerzos que lleg\u00f3 este semestre. <strong>&#8220;Estamos contentos por la seguidilla de triunfos, pero seguimos en una situaci\u00f3n dificil&#8221;<\/strong>, agreg\u00f3.<\/p>\n<p><strong>&#8220;El murmullo se da cuando no ganamos, con las victorias todo es m\u00e1s f\u00e1cil. Para el jugador lo mejor es la confianza para seguir creciendo&#8221;<\/strong>, dijo. <strong>&#8220;La gente se dio cuenta de que tiramos todos para el mismo lado, a nadie le sirve el enojo&#8221;<\/strong>, a\u00f1adi\u00f3.<\/p>\n<p>Por \u00faltimo se refiri\u00f3 a las constantes bajas que sufre el equipo por lesi\u00f3n: <strong>&#8220;Nos ponen mal las lesiones, porque todos los jugadores son importantes. Todos tenemos que entrenar al ciento por ciento. Estos d\u00edas vienen bien, entrenaremos doble turno y fuerte&#8221;<\/strong>. <\/p>\n","protected":false},"excerpt":{"rendered":"<p>Gabriel Vall\u00e9s habl\u00f3 con radio La Red en la vuelta a los entrenamientos de Independiente, luego de la \u00faltima victoria d por 2 a 0 frente a Rafaela en el Libertadores de Am\u00e9rica. El lateral se mostr\u00f3 contento por la racha ganadora, pero advirti\u00f3 que no hay que relajarse porque &#8220;seguimos en una situaci\u00f3n dif\u00edcil&#8221;. [&hellip;]<\/p>\n","protected":false},"author":1,"featured_media":0,"comment_status":"open","ping_status":"open","sticky":false,"template":"","format":"standard","meta":{"_links_to":"","_links_to_target":""},"categories":[3,1],"tags":[153,40],"_links":{"self":[{"href":"https:\/\/www.locoxelrojo.com\/independiente\/wp-json\/wp\/v2\/posts\/22885"}],"collection":[{"href":"https:\/\/www.locoxelrojo.com\/independiente\/wp-json\/wp\/v2\/posts"}],"about":[{"href":"https:\/\/www.locoxelrojo.com\/independiente\/wp-json\/wp\/v2\/types\/post"}],"author":[{"embeddable":true,"href":"https:\/\/www.locoxelrojo.com\/independiente\/wp-json\/wp\/v2\/users\/1"}],"replies":[{"embeddable":true,"href":"https:\/\/www.locoxelrojo.com\/independiente\/wp-json\/wp\/v2\/comments?post=22885"}],"version-history":[{"count":0,"href":"https:\/\/www.locoxelrojo.com\/independiente\/wp-json\/wp\/v2\/posts\/22885\/revisions"}],"wp:attachment":[{"href":"https:\/\/www.locoxelrojo.com\/independiente\/wp-json\/wp\/v2\/media?parent=22885"}],"wp:term":[{"taxonomy":"category","embeddable":true,"href":"https:\/\/www.locoxelrojo.com\/independiente\/wp-json\/wp\/v2\/categories?post=22885"},{"taxonomy":"post_tag","embeddable":true,"href":"https:\/\/www.locoxelrojo.com\/independiente\/wp-json\/wp\/v2\/tags?post=22885"}],"curies":[{"name":"wp","href":"https:\/\/api.w.org\/{rel}","templated":true}]}}