{"id":229,"date":"2010-08-19T21:19:29","date_gmt":"2010-08-20T00:19:29","guid":{"rendered":"http:\/\/www.locoxelrojo.com.ar\/independiente\/?p=229"},"modified":"2015-09-08T22:04:47","modified_gmt":"2015-09-09T01:04:47","slug":"estaria-preocupado-si-velazquez-no-se-quejara","status":"publish","type":"post","link":"https:\/\/www.locoxelrojo.com\/independiente\/2010\/08\/19\/estaria-preocupado-si-velazquez-no-se-quejara\/","title":{"rendered":"Comparada: &#8220;Estar\u00eda preocupado si Vel\u00e1zquez no se quejara&#8221;"},"content":{"rendered":"<div id=\"news-detail-obj-cuerpo\">\n<p><a href=\"http:\/\/www.locoxelrojo.com.ar\/independiente\/wp-content\/uploads\/2010\/08\/comparada.jpg\"><img loading=\"lazy\" class=\"alignnone size-full wp-image-230\" title=\"comparada\" src=\"http:\/\/www.locoxelrojo.com.ar\/independiente\/wp-content\/uploads\/2010\/08\/comparada.jpg\" alt=\"\" width=\"550\" height=\"315\" srcset=\"https:\/\/locoxelrojo.com\/independiente\/wp-content\/uploads\/2010\/08\/comparada.jpg 550w, https:\/\/locoxelrojo.com\/independiente\/wp-content\/uploads\/2010\/08\/comparada-300x171.jpg 300w\" sizes=\"(max-width: 550px) 100vw, 550px\" \/><\/a><\/p>\n<p>El presidente de Independiente habl\u00f3 en Estudio F\u00fatbol sobre el presente de su instituci\u00f3n, la terminaci\u00f3n del estadio, la necesidad de un t\u00edtulo, el caso Maxi Vel\u00e1zquez\u00a0 y los cruces entre Menotti y Gallego.<\/p>\n<p><strong>&#8220;Se vive un tiempo de mucho exitismo, pero me siento respaldado por la gente. En este tiempo se hizo mucho por el club, se creci\u00f3 en el plano institucional y antes de irnos vamos a dejar el estadio terminado, para eso invertiremos cerca de cinco millones de d\u00f3lares&#8221;<\/strong>, manifest\u00f3 el directivo, a quien le queda un a\u00f1o m\u00e1s al frente del club.<\/p>\n<p>Luego, esboz\u00f3 una autocr\u00edtica: <strong>&#8220;Cometimos errores y el principal fue tratar de ir por todo a la vez: por el crecimiento institucional y por querer ganar un campeonato&#8221;<\/strong>.<\/p>\n<p>En tanto, consultado sobre la conformaci\u00f3n del actual plantel, avis\u00f3: <strong>&#8220;Con relaci\u00f3n a los refuerzos trajimos algunos jugadores para que sean titulares y tambi\u00e9n vinieron otros de relleno o para ser suplentes. Tenemos un plantel muy corto y debemos afrontar dos competiciones -Apertura y Sudamericana-&#8220;.<\/strong><\/p>\n<p>El caso Vel\u00e1zquez es bastante especial ya que para los dirigentes y para el DT Garnero Mareque no iba a continuar en el club. <strong>&#8220;Durante el receso del Mundial, el representante de Mareque nos confirm\u00f3 que Lucas no iba a seguir en la instituci\u00f3n. Horas antes de firmar con Maxi, me comunique con el representante y le volv\u00ed a consultar y me dijo: &#8216;Me lo llevo&#8217;. Maxi tiene toda la raz\u00f3n, estar\u00eda preocupado si Vel\u00e1zquez no se quejara. Hoy hable con \u00e9l y le ped\u00ed unos dias de plazo para ver en que termina todo esto&#8221;<\/strong>.<\/p>\n<p>Antes de terminar habl\u00f3 sobre\u00a0el Tolo Gallego, cuya salida del club todav\u00eda despierta pol\u00e9mica en Avellanda: <strong>&#8220;La campa\u00f1a de \u00e9l fue muy buena, hicimos un an\u00e1lisis y vimos que ten\u00edamos que ir por otro camino, m\u00e1s all\u00e1 de que esto \u00faltimo era pol\u00edticamente m\u00e1s dif\u00edcil. Esto no significa nada m\u00e1s que eso. Sobre su disputa con Menotti creo que tiene que ver con la relaci\u00f3n de amor-odio que siempre tuvieron&#8221;<\/strong>.<\/p>\n<\/div>\n","protected":false},"excerpt":{"rendered":"<p>El presidente de Independiente habl\u00f3 en Estudio F\u00fatbol sobre el presente de su instituci\u00f3n, la terminaci\u00f3n del estadio, la necesidad de un t\u00edtulo, el caso Maxi Vel\u00e1zquez\u00a0 y los cruces entre Menotti y Gallego. &#8220;Se vive un tiempo de mucho exitismo, pero me siento respaldado por la gente. En este tiempo se hizo mucho por [&hellip;]<\/p>\n","protected":false},"author":1,"featured_media":0,"comment_status":"open","ping_status":"open","sticky":false,"template":"","format":"standard","meta":{"_links_to":"","_links_to_target":""},"categories":[3,1],"tags":[33,154],"_links":{"self":[{"href":"https:\/\/www.locoxelrojo.com\/independiente\/wp-json\/wp\/v2\/posts\/229"}],"collection":[{"href":"https:\/\/www.locoxelrojo.com\/independiente\/wp-json\/wp\/v2\/posts"}],"about":[{"href":"https:\/\/www.locoxelrojo.com\/independiente\/wp-json\/wp\/v2\/types\/post"}],"author":[{"embeddable":true,"href":"https:\/\/www.locoxelrojo.com\/independiente\/wp-json\/wp\/v2\/users\/1"}],"replies":[{"embeddable":true,"href":"https:\/\/www.locoxelrojo.com\/independiente\/wp-json\/wp\/v2\/comments?post=229"}],"version-history":[{"count":0,"href":"https:\/\/www.locoxelrojo.com\/independiente\/wp-json\/wp\/v2\/posts\/229\/revisions"}],"wp:attachment":[{"href":"https:\/\/www.locoxelrojo.com\/independiente\/wp-json\/wp\/v2\/media?parent=229"}],"wp:term":[{"taxonomy":"category","embeddable":true,"href":"https:\/\/www.locoxelrojo.com\/independiente\/wp-json\/wp\/v2\/categories?post=229"},{"taxonomy":"post_tag","embeddable":true,"href":"https:\/\/www.locoxelrojo.com\/independiente\/wp-json\/wp\/v2\/tags?post=229"}],"curies":[{"name":"wp","href":"https:\/\/api.w.org\/{rel}","templated":true}]}}