{"id":22952,"date":"2012-10-11T23:55:13","date_gmt":"2012-10-12T02:55:13","guid":{"rendered":"http:\/\/www.locoxelrojo.com.ar\/independiente\/?p=22952"},"modified":"2012-10-12T15:16:09","modified_gmt":"2012-10-12T18:16:09","slug":"olivera-el-grupo-esta-muy-comprometido","status":"publish","type":"post","link":"https:\/\/www.locoxelrojo.com\/independiente\/2012\/10\/11\/olivera-el-grupo-esta-muy-comprometido\/","title":{"rendered":"Olivera: \u201cEl grupo est\u00e1 muy comprometido\u201d"},"content":{"rendered":"<p><a href=\"http:\/\/www.locoxelrojo.com.ar\/independiente\/wp-content\/uploads\/2012\/10\/Olivera-1.jpg\"><img loading=\"lazy\" class=\"alignnone size-full wp-image-22953\" title=\"Olivera 1\" src=\"http:\/\/www.locoxelrojo.com.ar\/independiente\/wp-content\/uploads\/2012\/10\/Olivera-1.jpg\" alt=\"\" width=\"590\" height=\"315\" srcset=\"https:\/\/locoxelrojo.com\/independiente\/wp-content\/uploads\/2012\/10\/Olivera-1.jpg 590w, https:\/\/locoxelrojo.com\/independiente\/wp-content\/uploads\/2012\/10\/Olivera-1-300x160.jpg 300w\" sizes=\"(max-width: 590px) 100vw, 590px\" \/><\/a><\/p>\n<p>Rub\u00e9n Olivera, preparador f\u00edsico de Independiente, fue otro que habl\u00f3 en el programa radial de Infierno Rojo y destac\u00f3 el nivel de compromiso que hay en el plantel: <strong>\u201cEl equipo mejor\u00f3 primero en la identidad que le dio el Tolo\u201d.<\/strong><\/p>\n<p><strong> \u201cEl equipo mejor\u00f3 primero en la identidad que le dio el Tolo. En base a ese orden t\u00e1ctico y en la predisposici\u00f3n de ellos tambi\u00e9n se mejor\u00f3 en f\u00edsico. El grupo est\u00e1 muy enfocado en sacar al club adelante\u201d, <\/strong>expres\u00f3.<\/p>\n<p>Luego explic\u00f3 c\u00f3mo aprovech\u00f3 el parate por Eliminatorias poner a tono en lo f\u00edsico a los jugadores: <strong>\u201cEstos d\u00edas sirvieron para mejorar en lo futbol\u00edstico. En lo f\u00edsico mejoramos unos detalles espec\u00edficos a la ma\u00f1ana y a la tarde se ampli\u00f3 el programa con m\u00e1s carga. Apuntamos en toda la parte de potencia y velocidad, y despu\u00e9s el Tolo lo aplic\u00f3 en lo t\u00e1ctico\u201d.<\/strong><\/p>\n<p>Para cerrar, Olivera cont\u00f3 c\u00f3mo est\u00e1n los jugadores lesionados en sus respectivas recuperaciones: <strong>\u201cTuzzio y Tula se sienten bien, en forma progresiva. No los queremos apresurar, ser\u00eda un error. Lo de Leguizam\u00f3n es medio complejo por la pubalgia. Santana tuvo una bota y ahora trabaja en la parte de fisioterapia. Reci\u00e9n despu\u00e9s de los 15 d\u00edas va a empezar a trabajar en la recuperaci\u00f3n\u201d.<\/strong><\/p>\n","protected":false},"excerpt":{"rendered":"<p>Rub\u00e9n Olivera, preparador f\u00edsico de Independiente, fue otro que habl\u00f3 en el programa radial de Infierno Rojo y destac\u00f3 el nivel de compromiso que hay en el plantel: \u201cEl equipo mejor\u00f3 primero en la identidad que le dio el Tolo\u201d. \u201cEl equipo mejor\u00f3 primero en la identidad que le dio el Tolo. En base a [&hellip;]<\/p>\n","protected":false},"author":1,"featured_media":0,"comment_status":"open","ping_status":"open","sticky":false,"template":"","format":"standard","meta":{"_links_to":"","_links_to_target":""},"categories":[3,1],"tags":[634,153,1615,135,1568,1644,1774],"_links":{"self":[{"href":"https:\/\/www.locoxelrojo.com\/independiente\/wp-json\/wp\/v2\/posts\/22952"}],"collection":[{"href":"https:\/\/www.locoxelrojo.com\/independiente\/wp-json\/wp\/v2\/posts"}],"about":[{"href":"https:\/\/www.locoxelrojo.com\/independiente\/wp-json\/wp\/v2\/types\/post"}],"author":[{"embeddable":true,"href":"https:\/\/www.locoxelrojo.com\/independiente\/wp-json\/wp\/v2\/users\/1"}],"replies":[{"embeddable":true,"href":"https:\/\/www.locoxelrojo.com\/independiente\/wp-json\/wp\/v2\/comments?post=22952"}],"version-history":[{"count":0,"href":"https:\/\/www.locoxelrojo.com\/independiente\/wp-json\/wp\/v2\/posts\/22952\/revisions"}],"wp:attachment":[{"href":"https:\/\/www.locoxelrojo.com\/independiente\/wp-json\/wp\/v2\/media?parent=22952"}],"wp:term":[{"taxonomy":"category","embeddable":true,"href":"https:\/\/www.locoxelrojo.com\/independiente\/wp-json\/wp\/v2\/categories?post=22952"},{"taxonomy":"post_tag","embeddable":true,"href":"https:\/\/www.locoxelrojo.com\/independiente\/wp-json\/wp\/v2\/tags?post=22952"}],"curies":[{"name":"wp","href":"https:\/\/api.w.org\/{rel}","templated":true}]}}