{"id":23077,"date":"2012-10-17T11:34:57","date_gmt":"2012-10-17T14:34:57","guid":{"rendered":"http:\/\/www.locoxelrojo.com.ar\/independiente\/?p=23077"},"modified":"2012-10-17T11:34:57","modified_gmt":"2012-10-17T14:34:57","slug":"leguizamon-tula-tuzzio-y-santana-quedaron-afuera","status":"publish","type":"post","link":"https:\/\/www.locoxelrojo.com\/independiente\/2012\/10\/17\/leguizamon-tula-tuzzio-y-santana-quedaron-afuera\/","title":{"rendered":"Leguizam\u00f3n, Tula, Tuzzio y Santana quedaron afuera"},"content":{"rendered":"<p><a href=\"http:\/\/www.locoxelrojo.com.ar\/independiente\/wp-content\/uploads\/2012\/10\/Entrenamiento-34.jpg\"><img loading=\"lazy\" class=\"alignnone size-full wp-image-23080\" title=\"Entrenamiento 34\" src=\"http:\/\/www.locoxelrojo.com.ar\/independiente\/wp-content\/uploads\/2012\/10\/Entrenamiento-34.jpg\" alt=\"\" width=\"590\" height=\"315\" srcset=\"https:\/\/locoxelrojo.com\/independiente\/wp-content\/uploads\/2012\/10\/Entrenamiento-34.jpg 590w, https:\/\/locoxelrojo.com\/independiente\/wp-content\/uploads\/2012\/10\/Entrenamiento-34-300x160.jpg 300w\" sizes=\"(max-width: 590px) 100vw, 590px\" \/><\/a><\/p>\n<p>Esta ma\u00f1ana se dio a conocer la lista de concentrados para el partido del viernes a las 21:15 frente a Argentinos en La Paternal. <strong>La novedad pasa por la no inclusi\u00f3n de Luciano Leguizam\u00f3n, Cristian Tula, Eduardo Tuzzio y Jonathan Santana. Adem\u00e1s, Fabi\u00e1n Monserrat volvi\u00f3 a la n\u00f3mina.<\/strong><\/p>\n<p>La lista:<\/p>\n<p><strong>Arqueros:<\/strong> Hilario Navarro y Diego Rodr\u00edguez.<\/p>\n<p><strong>Defensores:<\/strong> Juli\u00e1n Vel\u00e1zquez, Leonel Galeano, Claudio Morel Rodr\u00edguez, Federico Gay y Gabriel Vall\u00e9s.<\/p>\n<p><strong>Volantes: <\/strong>Roberto Batti\u00f3n, V\u00edctor Zapata, Paulo Rosales, Hern\u00e1n Fredes, Osmar Ferreyra, Federico Mancuello, Fabi\u00e1n Monserrat, Fabi\u00e1n Vargas y Lucas Villafa\u00f1ez.<\/p>\n<p><strong>Delanteros: <\/strong>Patricio Vidal y Ernesto Far\u00edas.<\/p>\n","protected":false},"excerpt":{"rendered":"<p>Esta ma\u00f1ana se dio a conocer la lista de concentrados para el partido del viernes a las 21:15 frente a Argentinos en La Paternal. La novedad pasa por la no inclusi\u00f3n de Luciano Leguizam\u00f3n, Cristian Tula, Eduardo Tuzzio y Jonathan Santana. Adem\u00e1s, Fabi\u00e1n Monserrat volvi\u00f3 a la n\u00f3mina. La lista: Arqueros: Hilario Navarro y Diego [&hellip;]<\/p>\n","protected":false},"author":11,"featured_media":0,"comment_status":"open","ping_status":"open","sticky":false,"template":"","format":"standard","meta":{"_links_to":"","_links_to_target":""},"categories":[3,1],"tags":[153,1615,135,984,1568,1644],"_links":{"self":[{"href":"https:\/\/www.locoxelrojo.com\/independiente\/wp-json\/wp\/v2\/posts\/23077"}],"collection":[{"href":"https:\/\/www.locoxelrojo.com\/independiente\/wp-json\/wp\/v2\/posts"}],"about":[{"href":"https:\/\/www.locoxelrojo.com\/independiente\/wp-json\/wp\/v2\/types\/post"}],"author":[{"embeddable":true,"href":"https:\/\/www.locoxelrojo.com\/independiente\/wp-json\/wp\/v2\/users\/11"}],"replies":[{"embeddable":true,"href":"https:\/\/www.locoxelrojo.com\/independiente\/wp-json\/wp\/v2\/comments?post=23077"}],"version-history":[{"count":0,"href":"https:\/\/www.locoxelrojo.com\/independiente\/wp-json\/wp\/v2\/posts\/23077\/revisions"}],"wp:attachment":[{"href":"https:\/\/www.locoxelrojo.com\/independiente\/wp-json\/wp\/v2\/media?parent=23077"}],"wp:term":[{"taxonomy":"category","embeddable":true,"href":"https:\/\/www.locoxelrojo.com\/independiente\/wp-json\/wp\/v2\/categories?post=23077"},{"taxonomy":"post_tag","embeddable":true,"href":"https:\/\/www.locoxelrojo.com\/independiente\/wp-json\/wp\/v2\/tags?post=23077"}],"curies":[{"name":"wp","href":"https:\/\/api.w.org\/{rel}","templated":true}]}}