{"id":2317,"date":"2010-10-26T15:50:29","date_gmt":"2010-10-26T17:50:29","guid":{"rendered":"http:\/\/www.locoxelrojo.com.ar\/independiente\/?p=2317"},"modified":"2010-10-26T15:57:50","modified_gmt":"2010-10-26T17:57:50","slug":"vuelta-al-trabajo","status":"publish","type":"post","link":"https:\/\/www.locoxelrojo.com\/independiente\/2010\/10\/26\/vuelta-al-trabajo\/","title":{"rendered":"Vuelta al trabajo"},"content":{"rendered":"<p><a href=\"http:\/\/www.locoxelrojo.com.ar\/independiente\/wp-content\/uploads\/2010\/10\/entrenamientosol.jpg\"><img loading=\"lazy\" class=\"alignnone size-full wp-image-2318\" title=\"entrenamientosol\" src=\"http:\/\/www.locoxelrojo.com.ar\/independiente\/wp-content\/uploads\/2010\/10\/entrenamientosol.jpg\" alt=\"\" width=\"550\" height=\"315\" srcset=\"https:\/\/locoxelrojo.com\/independiente\/wp-content\/uploads\/2010\/10\/entrenamientosol.jpg 550w, https:\/\/locoxelrojo.com\/independiente\/wp-content\/uploads\/2010\/10\/entrenamientosol-300x171.jpg 300w\" sizes=\"(max-width: 550px) 100vw, 550px\" \/><\/a><\/p>\n<p>Independiente se entren\u00f3 en el predio Santo Domingo de Villa Dom\u00ednico desde las 10 de la ma\u00f1ana. Si bien la pr\u00e1ctica formal de f\u00fatbol se har\u00e1 el jueves, se sabe que pensando en el encuentro de la Copa en Colombia (se viajar\u00e1 en charter el lunes) Mohamed parar\u00e1 un equipo con mayor\u00eda de suplentes.<\/p>\n<p>Tres\u00a0 bajas igualmente tendr\u00e1 el equipo de antemano. Es que Leonel Galeano se entrenar\u00e1 con el sub 20 hasta el d\u00eda de ma\u00f1ana y tanto Mancuello como Godoy no se terminan de recuperar de sus lesiones y quieren estar a disposici\u00f3n por la ida de la Copa Sudamericana.<\/p>\n<p>Por otro lado, a pesar de que solo se vio futbol reducido, se especula con que Mohamed preservar\u00e1 a Mareque en la defensa, Tuzzio en el mediocampo y Silvera en la delantera.<\/p>\n<p>Los titulares, terminaron antes en ensayo y se dirigieron al gimanasio. El plantel se entre\u00f1a ma\u00f1ana 10 am a puertas abiertas para los medios.<\/p>\n","protected":false},"excerpt":{"rendered":"<p>Independiente se entren\u00f3 en el predio Santo Domingo de Villa Dom\u00ednico desde las 10 de la ma\u00f1ana. Si bien la pr\u00e1ctica formal de f\u00fatbol se har\u00e1 el jueves, se sabe que pensando en el encuentro de la Copa en Colombia (se viajar\u00e1 en charter el lunes) Mohamed parar\u00e1 un equipo con mayor\u00eda de suplentes. Tres\u00a0 [&hellip;]<\/p>\n","protected":false},"author":1,"featured_media":0,"comment_status":"open","ping_status":"open","sticky":false,"template":"","format":"standard","meta":{"_links_to":"","_links_to_target":""},"categories":[3,1],"tags":[155,135,60,69],"_links":{"self":[{"href":"https:\/\/www.locoxelrojo.com\/independiente\/wp-json\/wp\/v2\/posts\/2317"}],"collection":[{"href":"https:\/\/www.locoxelrojo.com\/independiente\/wp-json\/wp\/v2\/posts"}],"about":[{"href":"https:\/\/www.locoxelrojo.com\/independiente\/wp-json\/wp\/v2\/types\/post"}],"author":[{"embeddable":true,"href":"https:\/\/www.locoxelrojo.com\/independiente\/wp-json\/wp\/v2\/users\/1"}],"replies":[{"embeddable":true,"href":"https:\/\/www.locoxelrojo.com\/independiente\/wp-json\/wp\/v2\/comments?post=2317"}],"version-history":[{"count":0,"href":"https:\/\/www.locoxelrojo.com\/independiente\/wp-json\/wp\/v2\/posts\/2317\/revisions"}],"wp:attachment":[{"href":"https:\/\/www.locoxelrojo.com\/independiente\/wp-json\/wp\/v2\/media?parent=2317"}],"wp:term":[{"taxonomy":"category","embeddable":true,"href":"https:\/\/www.locoxelrojo.com\/independiente\/wp-json\/wp\/v2\/categories?post=2317"},{"taxonomy":"post_tag","embeddable":true,"href":"https:\/\/www.locoxelrojo.com\/independiente\/wp-json\/wp\/v2\/tags?post=2317"}],"curies":[{"name":"wp","href":"https:\/\/api.w.org\/{rel}","templated":true}]}}