{"id":23445,"date":"2012-10-28T20:13:34","date_gmt":"2012-10-28T23:13:34","guid":{"rendered":"http:\/\/www.locoxelrojo.com.ar\/independiente\/?p=23445"},"modified":"2012-10-28T20:13:34","modified_gmt":"2012-10-28T23:13:34","slug":"farias-en-duda","status":"publish","type":"post","link":"https:\/\/www.locoxelrojo.com\/independiente\/2012\/10\/28\/farias-en-duda\/","title":{"rendered":"Far\u00edas en duda"},"content":{"rendered":"<p><a href=\"http:\/\/www.locoxelrojo.com.ar\/independiente\/wp-content\/uploads\/2012\/10\/tecla-duda.jpg\"><img loading=\"lazy\" class=\"alignnone size-full wp-image-23446\" title=\"tecla-duda\" src=\"http:\/\/www.locoxelrojo.com.ar\/independiente\/wp-content\/uploads\/2012\/10\/tecla-duda.jpg\" alt=\"\" width=\"590\" height=\"315\" srcset=\"https:\/\/locoxelrojo.com\/independiente\/wp-content\/uploads\/2012\/10\/tecla-duda.jpg 590w, https:\/\/locoxelrojo.com\/independiente\/wp-content\/uploads\/2012\/10\/tecla-duda-300x160.jpg 300w\" sizes=\"(max-width: 590px) 100vw, 590px\" \/><\/a><\/p>\n<p><strong>Independiente entren\u00f3 este domingo pensando en el partido de ma\u00f1ana frente a Tigre. Am\u00e9rico Gallego tiene una s\u00f3la duda: saber si Ernesto Far\u00edas llega en buenas condiciones.<\/strong><\/p>\n<p><strong>El Tecla no practic\u00f3 con normalidad en toda la semana por una sobrecarga muscular y es duda para el partido de ma\u00f1ana. Tanto en el f\u00fatbol reducido de ayer, como en el ensayo formal de hoy, el Tolo puso a Mart\u00edn Ben\u00edtez para acompa\u00f1ar a Luciano Leguizam\u00f3n en la delantera.<\/strong> El ex Arsenal ya cuenta con el alta m\u00e9dica y ser\u00e1 de la partida.<\/p>\n<p>El buen trabajo de Mar\u00edn Ben\u00edtez en Montevideo frente al Liverpool, le permiti\u00f3 ganarse un lugar entre los concentrados. Ahora, con Far\u00edas entre algodones, puede jugar de entrada frente al Matador de Victoria.<\/p>\n<p>Gallego tiene decidido esperar al Tecla hasta \u00faltimo momento. De esta forma, los once ser\u00edan: <strong>Hilario Navarro; Gabriel Vall\u00e9s, Juli\u00e1n Vel\u00e1zquez, Leonel Galeano, Claudio Morel Rodr\u00edguez; Fabi\u00e1n Vargas, Roberto Batti\u00f3n, V\u00edctor Zapata, Osmar Ferreyra; Mart\u00edn Ben\u00edtez o Ernesto Far\u00edas y Luciano Leguizam\u00f3n.<\/strong><\/p>\n<p>Al t\u00e9rmino de la pr\u00e1ctica, los jugadores regresaron al Hotel Panamericano para seguir concentrados a la espera del partido de ma\u00f1ana frente a Tigre a partir de las 20:15 hs en el Libertadores de Am\u00e9rica.<\/p>\n","protected":false},"excerpt":{"rendered":"<p>Independiente entren\u00f3 este domingo pensando en el partido de ma\u00f1ana frente a Tigre. Am\u00e9rico Gallego tiene una s\u00f3la duda: saber si Ernesto Far\u00edas llega en buenas condiciones. El Tecla no practic\u00f3 con normalidad en toda la semana por una sobrecarga muscular y es duda para el partido de ma\u00f1ana. Tanto en el f\u00fatbol reducido de [&hellip;]<\/p>\n","protected":false},"author":1,"featured_media":0,"comment_status":"open","ping_status":"open","sticky":false,"template":"","format":"standard","meta":{"_links_to":"","_links_to_target":""},"categories":[3,1],"tags":[153,946,258,309,1618],"_links":{"self":[{"href":"https:\/\/www.locoxelrojo.com\/independiente\/wp-json\/wp\/v2\/posts\/23445"}],"collection":[{"href":"https:\/\/www.locoxelrojo.com\/independiente\/wp-json\/wp\/v2\/posts"}],"about":[{"href":"https:\/\/www.locoxelrojo.com\/independiente\/wp-json\/wp\/v2\/types\/post"}],"author":[{"embeddable":true,"href":"https:\/\/www.locoxelrojo.com\/independiente\/wp-json\/wp\/v2\/users\/1"}],"replies":[{"embeddable":true,"href":"https:\/\/www.locoxelrojo.com\/independiente\/wp-json\/wp\/v2\/comments?post=23445"}],"version-history":[{"count":0,"href":"https:\/\/www.locoxelrojo.com\/independiente\/wp-json\/wp\/v2\/posts\/23445\/revisions"}],"wp:attachment":[{"href":"https:\/\/www.locoxelrojo.com\/independiente\/wp-json\/wp\/v2\/media?parent=23445"}],"wp:term":[{"taxonomy":"category","embeddable":true,"href":"https:\/\/www.locoxelrojo.com\/independiente\/wp-json\/wp\/v2\/categories?post=23445"},{"taxonomy":"post_tag","embeddable":true,"href":"https:\/\/www.locoxelrojo.com\/independiente\/wp-json\/wp\/v2\/tags?post=23445"}],"curies":[{"name":"wp","href":"https:\/\/api.w.org\/{rel}","templated":true}]}}