{"id":23478,"date":"2012-10-29T21:58:38","date_gmt":"2012-10-30T00:58:38","guid":{"rendered":"http:\/\/www.locoxelrojo.com.ar\/independiente\/?p=23478"},"modified":"2012-10-29T22:01:11","modified_gmt":"2012-10-30T01:01:11","slug":"cantero-bueno-es-un-jugador-que-se-la-banca-muy-bien","status":"publish","type":"post","link":"https:\/\/www.locoxelrojo.com\/independiente\/2012\/10\/29\/cantero-bueno-es-un-jugador-que-se-la-banca-muy-bien\/","title":{"rendered":"Cantero: &#8220;Bueno es un jugador que se la banca muy bien&#8221;"},"content":{"rendered":"<p><a href=\"http:\/\/www.locoxelrojo.com.ar\/independiente\/wp-content\/uploads\/2012\/10\/Cantero-101.jpg\"><img loading=\"lazy\" class=\"alignnone size-full wp-image-23479\" title=\"Cantero 10\" src=\"http:\/\/www.locoxelrojo.com.ar\/independiente\/wp-content\/uploads\/2012\/10\/Cantero-101.jpg\" alt=\"\" width=\"590\" height=\"315\" srcset=\"https:\/\/locoxelrojo.com\/independiente\/wp-content\/uploads\/2012\/10\/Cantero-101.jpg 590w, https:\/\/locoxelrojo.com\/independiente\/wp-content\/uploads\/2012\/10\/Cantero-101-300x160.jpg 300w\" sizes=\"(max-width: 590px) 100vw, 590px\" \/><\/a><\/p>\n<p>Javier Cantero ratific\u00f3 esta tarde en La Red <strong>el inter\u00e9s por Carlos Bueno y manifest\u00f3 que \u00a0&#8220;es un jugador que se la banca muy bien en la dif\u00edciles&#8221;. Adem\u00e1s, dio a entender que buscar\u00e1 a Federico Ins\u00faa y admiti\u00f3 que a\u00fan no se sabe cuando se disputar\u00e1 el partido entre Independiente y Tigre.<\/strong><\/p>\n<p><strong>&#8220;Bueno es un jugador que ha demostrado que en los partidos dif\u00edciles se la banca muy bien, es un jugador que el cuerpo t\u00e9cnico tambi\u00e9n ha seguido con inter\u00e9s, pero eso no significa que hayamos iniciado ninguna gesti\u00f3n&#8221;<\/strong>, expres\u00f3 el Presidente. Lo cierto es que el delantero uruguayo fue pedido con muchas ganas por Am\u00e9rico Gallego.<\/p>\n<p>Luego, el mandam\u00e1s de la instituci\u00f3n hizo referencia a la posible b\u00fasqueda de Federico Ins\u00faa en diciembre: &#8220;<strong>A m\u00ed me encanta el Pocho Ins\u00faa y nunca le ech\u00e9 en cara ninguna situaci\u00f3n que los hinchas s\u00ed, porque fue un mal entendido<\/strong>. <strong>Me parece que <\/strong><strong>es\u00a0un jugadorazo y muy buena persona, por lo que si traemos al Pocho, Gallego no va a poder traer a Riquelme&#8221;.<\/strong><\/p>\n<p>Finalmente se refiri\u00f3 al partido suspendido ante Tigre y no dio certezas respecto al d\u00eda en el que se jugar\u00e1: <strong>&#8220;No hay una fecha prevista, hay que ver c\u00f3mo avanzamos los dos en la Copa.\u00a0Los aleda\u00f1os estaban intransitables,\u00a0yo lo \u00fanico que quer\u00eda era que no hici\u00e9ramos venir a 25 mil personas y es por eso que creo que fue una buena decisi\u00f3n porque adem\u00e1s segu\u00eda lloviendo&#8221;.<\/strong><\/p>\n","protected":false},"excerpt":{"rendered":"<p>Javier Cantero ratific\u00f3 esta tarde en La Red el inter\u00e9s por Carlos Bueno y manifest\u00f3 que \u00a0&#8220;es un jugador que se la banca muy bien en la dif\u00edciles&#8221;. Adem\u00e1s, dio a entender que buscar\u00e1 a Federico Ins\u00faa y admiti\u00f3 que a\u00fan no se sabe cuando se disputar\u00e1 el partido entre Independiente y Tigre. &#8220;Bueno es [&hellip;]<\/p>\n","protected":false},"author":11,"featured_media":0,"comment_status":"open","ping_status":"open","sticky":false,"template":"","format":"standard","meta":{"_links_to":"","_links_to_target":""},"categories":[3,1],"tags":[634,1785,153,723,987],"_links":{"self":[{"href":"https:\/\/www.locoxelrojo.com\/independiente\/wp-json\/wp\/v2\/posts\/23478"}],"collection":[{"href":"https:\/\/www.locoxelrojo.com\/independiente\/wp-json\/wp\/v2\/posts"}],"about":[{"href":"https:\/\/www.locoxelrojo.com\/independiente\/wp-json\/wp\/v2\/types\/post"}],"author":[{"embeddable":true,"href":"https:\/\/www.locoxelrojo.com\/independiente\/wp-json\/wp\/v2\/users\/11"}],"replies":[{"embeddable":true,"href":"https:\/\/www.locoxelrojo.com\/independiente\/wp-json\/wp\/v2\/comments?post=23478"}],"version-history":[{"count":0,"href":"https:\/\/www.locoxelrojo.com\/independiente\/wp-json\/wp\/v2\/posts\/23478\/revisions"}],"wp:attachment":[{"href":"https:\/\/www.locoxelrojo.com\/independiente\/wp-json\/wp\/v2\/media?parent=23478"}],"wp:term":[{"taxonomy":"category","embeddable":true,"href":"https:\/\/www.locoxelrojo.com\/independiente\/wp-json\/wp\/v2\/categories?post=23478"},{"taxonomy":"post_tag","embeddable":true,"href":"https:\/\/www.locoxelrojo.com\/independiente\/wp-json\/wp\/v2\/tags?post=23478"}],"curies":[{"name":"wp","href":"https:\/\/api.w.org\/{rel}","templated":true}]}}