{"id":23539,"date":"2012-10-31T18:17:13","date_gmt":"2012-10-31T21:17:13","guid":{"rendered":"http:\/\/www.locoxelrojo.com.ar\/independiente\/?p=23539"},"modified":"2012-10-31T21:15:29","modified_gmt":"2012-11-01T00:15:29","slug":"gallego-estos-jugadores-pueden-llegar-muy-lejos","status":"publish","type":"post","link":"https:\/\/www.locoxelrojo.com\/independiente\/2012\/10\/31\/gallego-estos-jugadores-pueden-llegar-muy-lejos\/","title":{"rendered":"Gallego: &#8220;Estos jugadores pueden llegar muy lejos&#8221;"},"content":{"rendered":"<p><a href=\"http:\/\/www.locoxelrojo.com.ar\/independiente\/wp-content\/uploads\/2012\/10\/americorubengallego1.jpg\"><img loading=\"lazy\" class=\"alignnone size-full wp-image-23541\" title=\"americorubengallego\" src=\"http:\/\/www.locoxelrojo.com.ar\/independiente\/wp-content\/uploads\/2012\/10\/americorubengallego1.jpg\" alt=\"\" width=\"590\" height=\"315\" srcset=\"https:\/\/locoxelrojo.com\/independiente\/wp-content\/uploads\/2012\/10\/americorubengallego1.jpg 590w, https:\/\/locoxelrojo.com\/independiente\/wp-content\/uploads\/2012\/10\/americorubengallego1-300x160.jpg 300w\" sizes=\"(max-width: 590px) 100vw, 590px\" \/><\/a><\/p>\n<p><strong>Am\u00e9rico Rub\u00e9n Gallego <\/strong>expres\u00f3 tranquilidad ante las c\u00e1maras luego de la pr\u00e1ctica vespertina en la previa del choque frente a U. Cat\u00f3lica por los cuartos de final de la Copa Sudamericana.<strong> &#8220;Mi prioridad es el campeonato&#8221;<\/strong>, asegur\u00f3 el Tolo, quien <strong>agreg\u00f3 que est\u00e1 &#8220;muy tranquilo&#8221; porque &#8220;conf\u00eda en los jugadores&#8221;<\/strong>.El entrenador descart\u00f3 a Diego Forl\u00e1n de cara a la pr\u00f3xima temporada por lo que gana y cont\u00f3 que a\u00fan no charl\u00f3 con Juan Rom\u00e1n Riquelme.<strong> &#8220;Todos quieren jugar y pongo un equipo bien descansado&#8221;<\/strong>, explic\u00f3 ante la pregunta sobre la no inclusi\u00f3n de Juli\u00e1n Vel\u00e1zquez, Jonathan Santana y Hern\u00e1n Fredes.<\/p>\n<p><strong>&#8220;La Cat\u00f3lica es un equipo muy duro y que marca muy bien&#8221;<\/strong>, entendi\u00f3 sobre el rival de ma\u00f1ana, a pesar de que por el torneo chileno ocupa la 12da posici\u00f3n. <strong>&#8220;Nosotros estamos bien y entusiasmados a pesar de que ellos definen la serie de local&#8221;<\/strong>, retruc\u00f3. Volviendo a los refuerzos, ampli\u00f3: <strong>&#8220;Todav\u00eda no llam\u00e9 a Riquelme y voy a esperar el partido de ma\u00f1ana. Estos jugadores pueden llegar muy lejos jugando bien. Tenemos muchos jugadores en carpeta.&#8221; <\/strong>Al que descart\u00f3 por cuestiones econ\u00f3micas tal como ya lo hab\u00eda hecho la Subcomisi\u00f3n de F\u00fatbol es a Diego Forl\u00e1n.<\/p>\n<p>Por \u00faltimo, solicit\u00f3 que Independiente <strong>&#8220;no debe jugar al pelotazo&#8221; <\/strong>y confirm\u00f3 el 11 que ser\u00e1:<strong> Navarro; Vall\u00e9s, Tuzzio, Tula, Morel Rordr\u00edguez; Vargas, Batti\u00f3n, Zapata, Ferreyra; Ben\u00edtez y Far\u00edas.<\/strong><\/p>\n","protected":false},"excerpt":{"rendered":"<p>Am\u00e9rico Rub\u00e9n Gallego expres\u00f3 tranquilidad ante las c\u00e1maras luego de la pr\u00e1ctica vespertina en la previa del choque frente a U. Cat\u00f3lica por los cuartos de final de la Copa Sudamericana. &#8220;Mi prioridad es el campeonato&#8221;, asegur\u00f3 el Tolo, quien agreg\u00f3 que est\u00e1 &#8220;muy tranquilo&#8221; porque &#8220;conf\u00eda en los jugadores&#8221;.El entrenador descart\u00f3 a Diego Forl\u00e1n [&hellip;]<\/p>\n","protected":false},"author":1,"featured_media":0,"comment_status":"open","ping_status":"open","sticky":false,"template":"","format":"standard","meta":{"_links_to":"","_links_to_target":""},"categories":[7,3,1],"tags":[634,153,1604,715,987,1786],"_links":{"self":[{"href":"https:\/\/www.locoxelrojo.com\/independiente\/wp-json\/wp\/v2\/posts\/23539"}],"collection":[{"href":"https:\/\/www.locoxelrojo.com\/independiente\/wp-json\/wp\/v2\/posts"}],"about":[{"href":"https:\/\/www.locoxelrojo.com\/independiente\/wp-json\/wp\/v2\/types\/post"}],"author":[{"embeddable":true,"href":"https:\/\/www.locoxelrojo.com\/independiente\/wp-json\/wp\/v2\/users\/1"}],"replies":[{"embeddable":true,"href":"https:\/\/www.locoxelrojo.com\/independiente\/wp-json\/wp\/v2\/comments?post=23539"}],"version-history":[{"count":0,"href":"https:\/\/www.locoxelrojo.com\/independiente\/wp-json\/wp\/v2\/posts\/23539\/revisions"}],"wp:attachment":[{"href":"https:\/\/www.locoxelrojo.com\/independiente\/wp-json\/wp\/v2\/media?parent=23539"}],"wp:term":[{"taxonomy":"category","embeddable":true,"href":"https:\/\/www.locoxelrojo.com\/independiente\/wp-json\/wp\/v2\/categories?post=23539"},{"taxonomy":"post_tag","embeddable":true,"href":"https:\/\/www.locoxelrojo.com\/independiente\/wp-json\/wp\/v2\/tags?post=23539"}],"curies":[{"name":"wp","href":"https:\/\/api.w.org\/{rel}","templated":true}]}}