{"id":2371,"date":"2010-10-29T01:35:27","date_gmt":"2010-10-29T03:35:27","guid":{"rendered":"http:\/\/www.locoxelrojo.com.ar\/independiente\/?p=2371"},"modified":"2015-09-09T04:57:50","modified_gmt":"2015-09-09T07:57:50","slug":"a-puertas-cerradas-jueves-y-viernes","status":"publish","type":"post","link":"https:\/\/www.locoxelrojo.com\/independiente\/2010\/10\/29\/a-puertas-cerradas-jueves-y-viernes\/","title":{"rendered":"Jueves y viernes a puertas cerradas"},"content":{"rendered":"<p><a href=\"http:\/\/www.locoxelrojo.com.ar\/independiente\/wp-content\/uploads\/2010\/10\/parra3.jpg\"><img loading=\"lazy\" class=\"alignnone size-full wp-image-2372\" title=\"parra\" src=\"http:\/\/www.locoxelrojo.com.ar\/independiente\/wp-content\/uploads\/2010\/10\/parra3.jpg\" alt=\"\" width=\"550\" height=\"315\" srcset=\"https:\/\/locoxelrojo.com\/independiente\/wp-content\/uploads\/2010\/10\/parra3.jpg 550w, https:\/\/locoxelrojo.com\/independiente\/wp-content\/uploads\/2010\/10\/parra3-300x171.jpg 300w\" sizes=\"(max-width: 550px) 100vw, 550px\" \/><\/a><\/p>\n<p>El plantel se entren\u00f3 a puertas cerradas este jueves cuando realiz\u00f3 f\u00fatbol, ahora ya pensando en Tolima una vez suspendida la fecha. En el d\u00eda de ayer, Mohamed hab\u00eda parado a los 11 correspondientes para enfrentar a San Lorenzo preservando a Mareque, Tuzzio y Silvera, entre otros. Hoy, en cambio, el turco par\u00f3 a <strong>Hilario Navarro; Carlos Matheu, Juli\u00e1n Vel\u00e1zquez y Leonel Galeano; Nicol\u00e1s Cabrera, Eduardo Tuzzio, Roberto Batti\u00f3n (jugar\u00e1 Fernando Godoy) y Lucas Mareque; Hern\u00e1n Fredes; Facundo Parra y Andr\u00e9s Silvera.<\/strong><\/p>\n<p>Godoy, a diferencia de ayer en donde termin\u00f3 realizando f\u00fatbol tenis, ya se entrena con normalidad y Federico Mancuello no viajar\u00e1 a Colombia puesto a que no se recuper\u00f3 de la lesi\u00f3n de su tobillo. Los titulares derrotaron 2-1 a los suplentes y Parra se volvi\u00f3 a encontrar con el gol en 2 oportunidades.<\/p>\n<p>Ma\u00f1ana, los trabajo seguir\u00e1n a las 10 am y nuevamente la pr\u00e1ctica no podr\u00e1 verse. La atenci\u00f3n a la prensa vendr\u00e1 luego de la pr\u00e1ctica en donde se har\u00e1 pelota parada.<\/p>\n<p>La delegaci\u00f3n de Independiente partir\u00e1 el lunes hacia Colombia para enfrentar el mi\u00e9rcoles a partir de las 21:15 hs a Deportes Tolima por el partido de ida de los cuartos de final de la Copa Nissan Sudamericana. Despu\u00e9s del partido estar\u00e1\u00a0regresando a Buenos Aires.\u00a0La revancha ser\u00e1 el jueves 11 de noviembre a las 21:30 hs.<\/p>\n","protected":false},"excerpt":{"rendered":"<p>El plantel se entren\u00f3 a puertas cerradas este jueves cuando realiz\u00f3 f\u00fatbol, ahora ya pensando en Tolima una vez suspendida la fecha. En el d\u00eda de ayer, Mohamed hab\u00eda parado a los 11 correspondientes para enfrentar a San Lorenzo preservando a Mareque, Tuzzio y Silvera, entre otros. Hoy, en cambio, el turco par\u00f3 a Hilario [&hellip;]<\/p>\n","protected":false},"author":1,"featured_media":0,"comment_status":"open","ping_status":"open","sticky":false,"template":"","format":"standard","meta":{"_links_to":"","_links_to_target":""},"categories":[7,3,1],"tags":[26,36,172],"_links":{"self":[{"href":"https:\/\/www.locoxelrojo.com\/independiente\/wp-json\/wp\/v2\/posts\/2371"}],"collection":[{"href":"https:\/\/www.locoxelrojo.com\/independiente\/wp-json\/wp\/v2\/posts"}],"about":[{"href":"https:\/\/www.locoxelrojo.com\/independiente\/wp-json\/wp\/v2\/types\/post"}],"author":[{"embeddable":true,"href":"https:\/\/www.locoxelrojo.com\/independiente\/wp-json\/wp\/v2\/users\/1"}],"replies":[{"embeddable":true,"href":"https:\/\/www.locoxelrojo.com\/independiente\/wp-json\/wp\/v2\/comments?post=2371"}],"version-history":[{"count":0,"href":"https:\/\/www.locoxelrojo.com\/independiente\/wp-json\/wp\/v2\/posts\/2371\/revisions"}],"wp:attachment":[{"href":"https:\/\/www.locoxelrojo.com\/independiente\/wp-json\/wp\/v2\/media?parent=2371"}],"wp:term":[{"taxonomy":"category","embeddable":true,"href":"https:\/\/www.locoxelrojo.com\/independiente\/wp-json\/wp\/v2\/categories?post=2371"},{"taxonomy":"post_tag","embeddable":true,"href":"https:\/\/www.locoxelrojo.com\/independiente\/wp-json\/wp\/v2\/tags?post=2371"}],"curies":[{"name":"wp","href":"https:\/\/api.w.org\/{rel}","templated":true}]}}