{"id":23751,"date":"2012-11-05T23:40:12","date_gmt":"2012-11-06T02:40:12","guid":{"rendered":"http:\/\/www.locoxelrojo.com.ar\/independiente\/?p=23751"},"modified":"2012-11-06T04:09:19","modified_gmt":"2012-11-06T07:09:19","slug":"gallego-el-jueves-jugara-el-que-este-mejor","status":"publish","type":"post","link":"https:\/\/www.locoxelrojo.com\/independiente\/2012\/11\/05\/gallego-el-jueves-jugara-el-que-este-mejor\/","title":{"rendered":"Gallego: \u201cEl jueves jugar\u00e1 el que est\u00e9 mejor\u201d"},"content":{"rendered":"<p><a href=\"http:\/\/www.locoxelrojo.com.ar\/independiente\/wp-content\/uploads\/2012\/11\/tolo-cai-lanus.jpg\"><img loading=\"lazy\" class=\"alignnone size-full wp-image-23772\" title=\"tolo-cai-lanus\" src=\"http:\/\/www.locoxelrojo.com.ar\/independiente\/wp-content\/uploads\/2012\/11\/tolo-cai-lanus.jpg\" alt=\"\" width=\"590\" height=\"315\" srcset=\"https:\/\/locoxelrojo.com\/independiente\/wp-content\/uploads\/2012\/11\/tolo-cai-lanus.jpg 590w, https:\/\/locoxelrojo.com\/independiente\/wp-content\/uploads\/2012\/11\/tolo-cai-lanus-300x160.jpg 300w\" sizes=\"(max-width: 590px) 100vw, 590px\" \/><\/a><\/p>\n<p><strong>Am\u00e9rico Rub\u00e9n Gallego <\/strong>lament\u00f3 los lesionados producto de la seguidilla de partido y poco tiempo de pretemporada. &#8220;<strong>M\u00e1s all\u00e1 de la derrota, lo que viene por delante me preocupa. A los 4 minutos tuve que cambiar la defensa. Tengo amargura por si fue mi culpa hacer los dos cambios<\/strong>&#8220;, desliz\u00f3 el entrenador.<\/p>\n<p>Luego, agreg\u00f3: <strong>&#8220;Siempre hago uno. El chico era la promesa para cabecear y ni toc\u00f3 la pelota. No puede pasar lo de Regueiro con el pibe, el l\u00ednea lo vio&#8221;<\/strong>. Desde su punto de vista, &#8220;<strong>ellos jugaron mejor y abrieron el marcador siendo superiores.&#8221;<\/strong><strong> Consultado por las causas, Gallego aludi\u00f3 la falta de control en el mediocampo. <strong>&#8220;<\/strong><\/strong><strong>Ya van dos partidos que nos agarran de contragolpe&#8221;<\/strong>, critic\u00f3.<\/p>\n<p>Por \u00faltimo, asegur\u00f3 que ir\u00e1 con lo mejor que tenga disponible frente a la Cat\u00f3lica por Copa Sudamericana. <strong>&#8220;Entrenaremos y el jueves jugar\u00e1 el que est\u00e9 mejor, pero pensando en el domingo. Lo del otro d\u00eda no fue un error porque ven\u00edan de 14 d\u00edas parados. Dependemos de nosotros y tenemos una final el jueves y otra el domingo<\/strong>&#8220;, declar\u00f3. Y concluy\u00f3: <strong>&#8220;Le pido calma a la gente, lo vamos a sacar adelante. Tenemos muchos puntos en juego por delante&#8221;.<\/strong><\/p>\n","protected":false},"excerpt":{"rendered":"<p>Am\u00e9rico Rub\u00e9n Gallego lament\u00f3 los lesionados producto de la seguidilla de partido y poco tiempo de pretemporada. &#8220;M\u00e1s all\u00e1 de la derrota, lo que viene por delante me preocupa. A los 4 minutos tuve que cambiar la defensa. Tengo amargura por si fue mi culpa hacer los dos cambios&#8220;, desliz\u00f3 el entrenador. Luego, agreg\u00f3: &#8220;Siempre [&hellip;]<\/p>\n","protected":false},"author":1,"featured_media":0,"comment_status":"open","ping_status":"open","sticky":false,"template":"","format":"standard","meta":{"_links_to":"","_links_to_target":""},"categories":[7,3,1],"tags":[634,153,326,1618,1786],"_links":{"self":[{"href":"https:\/\/www.locoxelrojo.com\/independiente\/wp-json\/wp\/v2\/posts\/23751"}],"collection":[{"href":"https:\/\/www.locoxelrojo.com\/independiente\/wp-json\/wp\/v2\/posts"}],"about":[{"href":"https:\/\/www.locoxelrojo.com\/independiente\/wp-json\/wp\/v2\/types\/post"}],"author":[{"embeddable":true,"href":"https:\/\/www.locoxelrojo.com\/independiente\/wp-json\/wp\/v2\/users\/1"}],"replies":[{"embeddable":true,"href":"https:\/\/www.locoxelrojo.com\/independiente\/wp-json\/wp\/v2\/comments?post=23751"}],"version-history":[{"count":0,"href":"https:\/\/www.locoxelrojo.com\/independiente\/wp-json\/wp\/v2\/posts\/23751\/revisions"}],"wp:attachment":[{"href":"https:\/\/www.locoxelrojo.com\/independiente\/wp-json\/wp\/v2\/media?parent=23751"}],"wp:term":[{"taxonomy":"category","embeddable":true,"href":"https:\/\/www.locoxelrojo.com\/independiente\/wp-json\/wp\/v2\/categories?post=23751"},{"taxonomy":"post_tag","embeddable":true,"href":"https:\/\/www.locoxelrojo.com\/independiente\/wp-json\/wp\/v2\/tags?post=23751"}],"curies":[{"name":"wp","href":"https:\/\/api.w.org\/{rel}","templated":true}]}}